{"id":64513,"date":"2019-10-15T16:50:02","date_gmt":"2019-10-15T20:50:02","guid":{"rendered":"https:\/\/linitiative.ca\/International\/pays-bas-decouverte-dune-famille-attendant-la-fin-des-temps-recluse-dans-une-ferme\/"},"modified":"2019-10-15T16:50:02","modified_gmt":"2019-10-15T20:50:02","slug":"pays-bas-decouverte-dune-famille-attendant-la-fin-des-temps-recluse-dans-une-ferme","status":"publish","type":"post","link":"https:\/\/linitiative.ca\/International\/pays-bas-decouverte-dune-famille-attendant-la-fin-des-temps-recluse-dans-une-ferme\/","title":{"rendered":"Pays-Bas : d\u00e9couverte d\u2019une famille \u00ab\u00a0attendant la fin des temps\u00a0\u00bb recluse dans une ferme"},"content":{"rendered":"<div readability=\"32\">\n<p>Publi\u00e9 le 15.10.2019 \u00e0 21h50 par AFP<\/p>\n<\/div>\n<div readability=\"142\">\n<p>Une famille a \u00e9t\u00e9 d\u00e9couverte par la police dans \u00ab\u00a0une petite pi\u00e8ce ferm\u00e9e\u00a0\u00bb \u00e0 l\u2019int\u00e9rieur d\u2019une ferme isol\u00e9e du nord des Pays-Bas o\u00f9 elle vivait recluse depuis des ann\u00e9es pour, selon un m\u00e9dia, \u00ab\u00a0attendre la fin des temps\u00a0\u00bb.<\/p>\n<p>\u00ab\u00a0Je n\u2019ai jamais rien vu de tel auparavant\u00a0\u00bb, a confi\u00e9 Roger de Groot, le maire de Ruinerwold, le village o\u00f9 se trouve cette b\u00e2tisse entour\u00e9e d\u2019arbres perdue au milieu des champs.<\/p>\n<p>\u00ab\u00a0Nous avons d\u00e9couvert six adultes, qui ont aussit\u00f4t affirm\u00e9 qu\u2019ils formaient une famille, un p\u00e8re et ses enfants. Tous sont majeurs, d\u2019apr\u00e8s leurs dires\u00a0\u00bb, a fait savoir la police dans un communiqu\u00e9 (le maire avait de son c\u00f4t\u00e9 dans un premier temps parl\u00e9 de sept personnes).<\/p>\n<p>Beaucoup de questions subsistent autour de cette \u00e9trange affaire qui s\u2019est d\u00e9roul\u00e9e dans une localit\u00e9 o\u00f9 personne ne semble conna\u00eetre les occupants de la ferme, ni m\u00eame avoir \u00e9t\u00e9 au courant de leur pr\u00e9sence \u00e0 cet endroit.<\/p>\n<p>Selon la cha\u00eene de t\u00e9l\u00e9vision locale RTV Drenthe, la famille poss\u00e9dait un potager et une ch\u00e8vre pour se nourrir et vivait dans une pi\u00e8ce \u00ab\u00a0dans l\u2019attente de la fin des temps\u00a0\u00bb. Certains des enfants \u00ab\u00a0n\u2019avaient aucune id\u00e9e de l\u2019existence d\u2019autres personnes\u00a0\u00bb dans le monde, a ajout\u00e9 ce m\u00e9dia.<\/p>\n<p>\u2013 \u00ab\u00a0Reclus depuis neuf ans\u00a0\u00bb \u2013<\/p>\n<p>La police a \u00e9t\u00e9 \u00ab\u00a0alert\u00e9e par un jeune homme qui s\u2019inqui\u00e9tait des conditions de vie de sa famille\u00a0\u00bb. Lorsqu\u2019elle s\u2019est rendue sur place, elle a \u00ab\u00a0d\u00e9couvert six personnes, dans une petite pi\u00e8ce que l\u2019on peut fermer, mais pas une cave\u00a0\u00bb.<\/p>\n<p>A ce stade de l\u2019enqu\u00eate, on ignorait si ces gens se trouvaient l\u00e0 volontairement ou s\u2019ils avaient \u00e9t\u00e9 contraints d\u2019y s\u00e9journer.<\/p>\n<p>Les policiers, qui disent \u00e9tudier \u00ab\u00a0tous les sc\u00e9narios\u00a0\u00bb possibles, ont \u00e0 cet \u00e9gard mis en oeuvre d\u2019importants moyens pour tenter de percer le myst\u00e8re, pour savoir ce que faisait cette famille, dont tous les membres sont adultes, ainsi confin\u00e9e dans un si petit espace.<\/p>\n<p>Un drone de la police a survol\u00e9 la ferme pour scruter le moindre d\u00e9tail, une recherche d\u2019empreinte a \u00e9t\u00e9 effectu\u00e9e et les voisins \u00e9taient interrog\u00e9s.<\/p>\n<p>Selon les premi\u00e8res informations, \u00ab\u00a0il est possible que ces gens habitent l\u00e0 depuis neuf ans\u00a0\u00bb, ont r\u00e9v\u00e9l\u00e9 les enqu\u00eateurs.<\/p>\n<p>\u2013 \u00ab\u00a0Mode de vie autarcique\u00a0\u00bb \u2013<\/p>\n<p>L\u2019un des fils, \u00e2g\u00e9 d\u2019environ 25 ans, s\u2019est rendu dimanche soir dans un bar du village dans un \u00e9tat \u00ab\u00a0confus\u00a0\u00bb. Sale, portant de vieux v\u00eatements, les cheveux en bataille, il demandait de l\u2019aide, a racont\u00e9 \u00e0 RTV Drenthe le g\u00e9rant du caf\u00e9, Chris Westerbeek.<\/p>\n<p>Lorsque ce dernier a entam\u00e9 la conversation avec le jeune homme, celui-ci a affirm\u00e9 que cela faisait \u00ab\u00a0neuf ans\u00a0\u00bb qu\u2019il n\u2019\u00e9tait pas sorti de la maison et n\u2019avoir jamais \u00e9t\u00e9 \u00e0 l\u2019\u00e9cole. \u00ab\u00a0Il parlait d\u2019une mani\u00e8re enfantine\u00a0\u00bb, a soulign\u00e9 M. Westerbeek, qui a aussit\u00f4t alert\u00e9 la police.<\/p>\n<p>Une fois arriv\u00e9es sur les lieux, les forces de l\u2019ordre ont arr\u00eat\u00e9 un homme de 58 ans, le locataire de la ferme, \u00ab\u00a0pour ne pas avoir coop\u00e9r\u00e9 \u00e0 l\u2019enqu\u00eate\u00a0\u00bb. Il ne s\u2019agit cependant pas du p\u00e8re de famille et les enqu\u00eateurs s\u2019interrogent encore sur l\u2019\u00e9ventuel lien qu\u2019il entretenait avec les personnes d\u00e9couvertes.<\/p>\n<p>Il est actuellement interrog\u00e9 et maintenu en d\u00e9tention.<\/p>\n<p>Un porte-parole du minist\u00e8re autrichien des Affaires \u00e9trang\u00e8res a affirm\u00e9 qu\u2019il s\u2019agissait d\u2019un ressortissant autrichien, n\u00e9 \u00e0 Vienne, et qu\u2019il vivait depuis plusieurs ann\u00e9es avec un groupe de jeunes dans le sous-sol.<\/p>\n<p>La famille \u00ab\u00a0avait un mode de vie autarcique\u00a0\u00bb dans la propri\u00e9t\u00e9. Plusieurs des enfants, d\u00e9sormais adultes, \u00ab\u00a0n\u2019ont pas \u00e9t\u00e9 inscrits dans le registre des naissances\u00a0\u00bb, a quant \u00e0 lui d\u00e9clar\u00e9 le maire de Ruinerwold.<\/p>\n<p>Il semblerait en outre, d\u2019apr\u00e8s la police, que le nom d\u2019aucune de ces personnes ne figure dans la moindre administration communale.<\/p>\n<\/div>\n<p>Auteur: AFP<br \/>\n<a href=\"https:\/\/www.journalducameroun.com\/pays-bas-decouverte-dune-famille-attendant-la-fin-des-temps-recluse-dans-une-ferme\/\">Cliquez ici pour lire l&rsquo;article depuis sa source.<\/a><\/p>\n","protected":false},"excerpt":{"rendered":"<p>Publi\u00e9 le 15.10.2019 \u00e0 21h50 par AFP Une famille a \u00e9t\u00e9 d\u00e9couverte par la police dans \u00ab\u00a0une petite pi\u00e8ce ferm\u00e9e\u00a0\u00bb \u00e0 l\u2019int\u00e9rieur d\u2019une ferme isol\u00e9e du nord des Pays-Bas o\u00f9 elle vivait recluse depuis des ann\u00e9es pour, selon un m\u00e9dia, \u00ab\u00a0attendre la fin des temps\u00a0\u00bb. \u00ab\u00a0Je n\u2019ai jamais rien vu de tel auparavant\u00a0\u00bb, a confi\u00e9 [&hellip;]<\/p>\n","protected":false},"author":1965,"featured_media":0,"comment_status":"closed","ping_status":"closed","sticky":false,"template":"","format":"standard","meta":{"fifu_image_url":"","fifu_image_alt":"","footnotes":""},"categories":[73,82],"tags":[],"class_list":["post-64513","post","type-post","status-publish","format-standard","hentry","category-actualite","category-cameroun"],"_links":{"self":[{"href":"https:\/\/linitiative.ca\/International\/wp-json\/wp\/v2\/posts\/64513","targetHints":{"allow":["GET"]}}],"collection":[{"href":"https:\/\/linitiative.ca\/International\/wp-json\/wp\/v2\/posts"}],"about":[{"href":"https:\/\/linitiative.ca\/International\/wp-json\/wp\/v2\/types\/post"}],"author":[{"embeddable":true,"href":"https:\/\/linitiative.ca\/International\/wp-json\/wp\/v2\/users\/1965"}],"replies":[{"embeddable":true,"href":"https:\/\/linitiative.ca\/International\/wp-json\/wp\/v2\/comments?post=64513"}],"version-history":[{"count":0,"href":"https:\/\/linitiative.ca\/International\/wp-json\/wp\/v2\/posts\/64513\/revisions"}],"wp:attachment":[{"href":"https:\/\/linitiative.ca\/International\/wp-json\/wp\/v2\/media?parent=64513"}],"wp:term":[{"taxonomy":"category","embeddable":true,"href":"https:\/\/linitiative.ca\/International\/wp-json\/wp\/v2\/categories?post=64513"},{"taxonomy":"post_tag","embeddable":true,"href":"https:\/\/linitiative.ca\/International\/wp-json\/wp\/v2\/tags?post=64513"}],"curies":[{"name":"wp","href":"https:\/\/api.w.org\/{rel}","templated":true}]}}