{"id":64514,"date":"2019-10-15T17:50:02","date_gmt":"2019-10-15T21:50:02","guid":{"rendered":"https:\/\/linitiative.ca\/International\/amical-algerie-colombie-une-fete-lilloise-reussie-sur-tous-les-plans\/"},"modified":"2019-10-15T17:50:02","modified_gmt":"2019-10-15T21:50:02","slug":"amical-algerie-colombie-une-fete-lilloise-reussie-sur-tous-les-plans","status":"publish","type":"post","link":"https:\/\/linitiative.ca\/International\/amical-algerie-colombie-une-fete-lilloise-reussie-sur-tous-les-plans\/","title":{"rendered":"Amical Alg\u00e9rie-Colombie: une f\u00eate lilloise r\u00e9ussie sur tous les plans"},"content":{"rendered":"<div readability=\"32\">\n<p>Publi\u00e9 le 15.10.2019 \u00e0 22h50 par AFP<\/p>\n<\/div>\n<div readability=\"156\">\n<p>La f\u00eate est globalement r\u00e9ussie: l\u2019Alg\u00e9rie a battu la Colombie 3-0 en amical, pour son premier match sur le sol fran\u00e7ais depuis 2008, mardi \u00e0 Lille, port\u00e9e la passion intense d\u2019un public d\u00e9termin\u00e9 \u00e0 \u00e9viter tout d\u00e9bordement majeur, malgr\u00e9 quelques fumig\u00e8nes et une mini-tentative d\u2019invasion du terrain.<\/p>\n<p>Dix ans apr\u00e8s la derni\u00e8re rencontre des \u00ab\u00a0Fennecs\u00a0\u00bb en France, le succ\u00e8s populaire a \u00e9t\u00e9 au rendez-vous: plus de 40.000 supporters alg\u00e9riens se sont rendus au stade Pierre-Mauroy pour admirer les champions d\u2019Afrique 2019, qui les ont fait vibrer tout l\u2019\u00e9t\u00e9.<\/p>\n<p>En s\u2019imposant face \u00e0 un adversaire de prestige gr\u00e2ce aux buts de Baghdad Bounedjah (16e) et Riyad Mahrez (20e, 65e), les hommes de Djamel Belmadi ont \u00e9t\u00e9 \u00e0 la hauteur de l\u2019\u00e9v\u00e9nement.<\/p>\n<p>Si le deuxi\u00e8me virage de l\u2019enceinte nordiste avait \u00e9t\u00e9 ouvert au public, le stade aurait battu, \u00e0 coup s\u00fbr, son record d\u2019affluence, tant la demande \u00e9tait \u00e9norme !<\/p>\n<p>Venus des quatre coins de la France pour la plupart, certains sont m\u00eame arriv\u00e9s de Londres ou Bruxelles pour participer \u00e0 la f\u00eate. En famille, en couple, ou entre amis.<\/p>\n<p>Certains comme Nadir, 29 ans, ont m\u00eame fait plus de \u00ab\u00a013 heures de bus avec une vingtaine de potes\u00a0\u00bb en provenance de Grenoble. D\u2019autres, plus malins, ont profit\u00e9 de l\u2019engouement pour faire la promotion de produits \u00ab\u00a0made in Algeria\u00a0\u00bb autour du stade\u2026<\/p>\n<p>\u00ab\u00a0On va se d\u00e9fouler un peu dans la bonne humeur, mais promis pas de b\u00eatises ! On nettoiera tout \u00e0 la fin du match\u00a0\u00bb, confiait ce fan de Mahrez, chapeau tricolore blanc-vert-rouge sur la t\u00eate.<\/p>\n<p>\u2013 Message de retenue et pyrotechnie \u2013<\/p>\n<p>Plusieurs heures avant la rencontre, le centre-ville de Lille avait \u00e9t\u00e9 investi par des milliers de fans alg\u00e9riens, aux sons des trompettes, derboukas, youyous, et klaxons. Sous la surveillance d\u2019un important dispositif policier, mis en place en pr\u00e9vision de ce match class\u00e9 \u00ab\u00a0\u00e0 risques\u00a0\u00bb<\/p>\n<p>Que cela soit en conf\u00e9rence de presse la veille, ou sur l\u2019\u00e9cran g\u00e9ant du stade juste avant le coup d\u2019envoi, Djamel Belmadi avait exhort\u00e9 les fans des \u00ab\u00a0Fennecs\u00a0\u00bb \u00e0 ce que \u00ab\u00a0tout se passe bien\u00a0\u00bb. Le message a \u00e9t\u00e9 globalement entendu.<\/p>\n<p>L\u2019hymne colombien, un temps siffl\u00e9, a par exemple \u00e9t\u00e9 tout de suite applaudi par la majorit\u00e9 du stade.<\/p>\n<p>Dans une ambiance bon enfant, tous les airs de l\u2019\u00e9pop\u00e9e de la CAN ont \u00e9t\u00e9 entonn\u00e9s en coeur. Drapeaux national et berb\u00e8re, fanions des clubs locaux ou encore maillots deux \u00e9toiles, toute la panoplie \u00e9tait de sortie.<\/p>\n<p>Et quand Bounedjah a ouvert le score d\u2019une frappe limpide dans la lucarne de David Ospina (16e), une explosion de joie a retenti suivi de plusieurs fumig\u00e8nes, p\u00e9tards et autres engins pyrotechniques assourdissants.<\/p>\n<p>Apr\u00e8s le but de Mahrez (2-0, 20e), les \u00ab\u00a0One two three, viva l\u2019Alg\u00e9rie\u00a0\u00bb ont repris de plus belle. Rapidement suivie d\u2019une \u00ab\u00a0Ola\u00a0\u00bb qui a fait plusieurs fois le tour des tribunes, et de \u00ab\u00a0Ol\u00e9\u00a0\u00bb quand le ballon \u00e9tait confisqu\u00e9 aux Colombiens.<\/p>\n<p>Un temps endormi en seconde p\u00e9riode, l\u2019hyst\u00e9rie collective a repris apr\u00e8s le doubl\u00e9 du capitaine alg\u00e9rien (3-0, 65e). Sans c\u00e9der toutefois \u00e0 la d\u00e9flagration totale !<\/p>\n<p>\u2013 Test r\u00e9ussi avant un Alg\u00e9rie-France en 2020 ? \u2013<\/p>\n<p>Car ce match de gala en France, le premier pour l\u2019Alg\u00e9rie depuis la rencontre contre le Mali \u00e0 Rouen en 2008, faisait figure de test \u00e0 plusieurs titres, sur et en dehors du terrain.<\/p>\n<p>En surclassant la Colombie, priv\u00e9e des stars Radamel Falcao et James Rodriguez, la s\u00e9lection alg\u00e9rienne a confirm\u00e9 qu\u2019elle pouvait s\u2019appuyer sur des fondations solides avant le d\u00e9but des \u00e9liminatoires du Mondial-2022.<\/p>\n<p>Alors qu\u2019une r\u00e9union a eu lieu lundi entre les f\u00e9d\u00e9rations fran\u00e7aise et alg\u00e9rienne pour avancer sur l\u2019organisation d\u2019un match entre les deux nations \u00e0 l\u2019automne 2020, l\u2019organisation r\u00e9ussie du match lillois a surtout \u00e9loign\u00e9 le spectre du sc\u00e9nario noir de 2001.<\/p>\n<p>Seule rencontre France-Alg\u00e9rie de l\u2019histoire, le match avait \u00e9t\u00e9 interrompu apr\u00e8s l\u2019envahissement du terrain par des supporters alg\u00e9riens alors que le score \u00e9tait de 4-1 pour les Bleus. A Lille, seuls deux individus ont tent\u00e9 de s\u2019inflitrer sur la pelouse sous le regard d\u00e9sapprobateurs des co\u00e9quipiers d\u2019Islam Slimani.<\/p>\n<p>Ceux qui n\u2019\u00e9taient pas n\u00e9s \u00e0 l\u2019\u00e9poque garderont toutefois le souvenir d\u2019un match des \u00ab\u00a0Fennecs\u00a0\u00bb sur le sol fran\u00e7ais achev\u00e9 dans la liesse.<\/p>\n<\/div>\n<p>Auteur: AFP<br \/>\n<a href=\"https:\/\/www.journalducameroun.com\/amical-algerie-colombie-une-fete-lilloise-reussie-sur-tous-les-plans\/\">Cliquez ici pour lire l&rsquo;article depuis sa source.<\/a><\/p>\n","protected":false},"excerpt":{"rendered":"<p>Publi\u00e9 le 15.10.2019 \u00e0 22h50 par AFP La f\u00eate est globalement r\u00e9ussie: l\u2019Alg\u00e9rie a battu la Colombie 3-0 en amical, pour son premier match sur le sol fran\u00e7ais depuis 2008, mardi \u00e0 Lille, port\u00e9e la passion intense d\u2019un public d\u00e9termin\u00e9 \u00e0 \u00e9viter tout d\u00e9bordement majeur, malgr\u00e9 quelques fumig\u00e8nes et une mini-tentative d\u2019invasion du terrain. Dix [&hellip;]<\/p>\n","protected":false},"author":1965,"featured_media":0,"comment_status":"closed","ping_status":"closed","sticky":false,"template":"","format":"standard","meta":{"fifu_image_url":"","fifu_image_alt":"","footnotes":""},"categories":[73,82],"tags":[],"class_list":["post-64514","post","type-post","status-publish","format-standard","hentry","category-actualite","category-cameroun"],"_links":{"self":[{"href":"https:\/\/linitiative.ca\/International\/wp-json\/wp\/v2\/posts\/64514","targetHints":{"allow":["GET"]}}],"collection":[{"href":"https:\/\/linitiative.ca\/International\/wp-json\/wp\/v2\/posts"}],"about":[{"href":"https:\/\/linitiative.ca\/International\/wp-json\/wp\/v2\/types\/post"}],"author":[{"embeddable":true,"href":"https:\/\/linitiative.ca\/International\/wp-json\/wp\/v2\/users\/1965"}],"replies":[{"embeddable":true,"href":"https:\/\/linitiative.ca\/International\/wp-json\/wp\/v2\/comments?post=64514"}],"version-history":[{"count":0,"href":"https:\/\/linitiative.ca\/International\/wp-json\/wp\/v2\/posts\/64514\/revisions"}],"wp:attachment":[{"href":"https:\/\/linitiative.ca\/International\/wp-json\/wp\/v2\/media?parent=64514"}],"wp:term":[{"taxonomy":"category","embeddable":true,"href":"https:\/\/linitiative.ca\/International\/wp-json\/wp\/v2\/categories?post=64514"},{"taxonomy":"post_tag","embeddable":true,"href":"https:\/\/linitiative.ca\/International\/wp-json\/wp\/v2\/tags?post=64514"}],"curies":[{"name":"wp","href":"https:\/\/api.w.org\/{rel}","templated":true}]}}