{"id":64515,"date":"2019-10-15T10:06:37","date_gmt":"2019-10-15T14:06:37","guid":{"rendered":"https:\/\/linitiative.ca\/International\/la-3eme-edition-du-club-afrique-developpement-cameroun-annoncee-a-douala\/"},"modified":"2019-10-15T10:06:37","modified_gmt":"2019-10-15T14:06:37","slug":"la-3eme-edition-du-club-afrique-developpement-cameroun-annoncee-a-douala","status":"publish","type":"post","link":"https:\/\/linitiative.ca\/International\/la-3eme-edition-du-club-afrique-developpement-cameroun-annoncee-a-douala\/","title":{"rendered":"La 3\u00e8me \u00e9dition du Club Afrique d\u00e9veloppement Cameroun annonc\u00e9e \u00e0 Douala"},"content":{"rendered":"<div class=\"featured-area featured-area-inner\"><img loading=\"lazy\" decoding=\"async\" width=\"780\" height=\"405\" src=\"https:\/\/i1.wp.com\/ecomatin.net\/wp-content\/uploads\/2019\/10\/ecomatin.net-la-3eme-edition-du-club-afrique-developpement-cameroun-annoncee-a-douala-img-20191015-wa0215.jpg?resize=780%2C405&#038;ssl=1&#038;is-pending-load=1\" class=\"attachment-jannah-image-post size-jannah-image-post wp-post-image jetpack-lazy-image\" alt=\"\" data-attachment-id=\"12892\" data-permalink=\"https:\/\/ecomatin.net\/la-3eme-edition-du-club-afrique-developpement-cameroun-annoncee-a-douala\/img-20191015-wa0215\/\" data-orig-file=\"https:\/\/i1.wp.com\/ecomatin.net\/wp-content\/uploads\/2019\/10\/ecomatin.net-la-3eme-edition-du-club-afrique-developpement-cameroun-annoncee-a-douala-img-20191015-wa0215.jpg?fit=1080%2C720&#038;ssl=1\" data-orig-size=\"1080,720\" data-comments-opened=\"0\" data-image-meta=\"{\"aperture\":\"0\",\"credit\":\"\",\"camera\":\"\",\"caption\":\"\",\"created_timestamp\":\"0\",\"copyright\":\"\",\"focal_length\":\"0\",\"iso\":\"0\",\"shutter_speed\":\"0\",\"title\":\"\",\"orientation\":\"0\"}\" data-image-title=\"IMG-20191015-WA0215\" data-image-description=\"\" data-medium-file=\"https:\/\/i1.wp.com\/ecomatin.net\/wp-content\/uploads\/2019\/10\/ecomatin.net-la-3eme-edition-du-club-afrique-developpement-cameroun-annoncee-a-douala-img-20191015-wa0215.jpg?fit=300%2C200&#038;ssl=1\" data-large-file=\"https:\/\/i1.wp.com\/ecomatin.net\/wp-content\/uploads\/2019\/10\/ecomatin.net-la-3eme-edition-du-club-afrique-developpement-cameroun-annoncee-a-douala-img-20191015-wa0215.jpg?fit=1024%2C683&#038;ssl=1\" srcset=\"data:image\/gif;base64,R0lGODlhAQABAIAAAAAAAP\/\/\/yH5BAEAAAAALAAAAAABAAEAAAIBRAA7\"\/><\/div>\n<div class=\"entry-content entry clearfix\" readability=\"57\">\n<p><em>\u00ab\u00a0Le Trade comme levier de croissance des entreprises\u00a0\u00bb<\/em>. C\u2019est le th\u00e8me choisi pour la 3<sup>e<\/sup> \u00e9dition du Club Afrique d\u00e9veloppement Cameroun qui se tiendra \u00e0 Douala le 30 octobre 2019. La rencontre se tient sous l\u2019\u00e9gide de SCB Cameroun, filiale du groupe Attijariwafa Bank. Elle s\u2019inscrit dans la continuit\u00e9 du programme annuel du Club Afrique d\u00e9veloppement qui pr\u00e9voit en plus du forum, des rencontres \u00e9conomiques et sectorielles dans les pays de pr\u00e9sence du groupe Attijariwafa dans le monde.<\/p>\n<p>Selon le directeur g\u00e9n\u00e9ral de SCB Cameroun, <strong>Mohammed Mejbar,<\/strong> la principale ville camerounaise verra l\u2019arriv\u00e9e d\u2019op\u00e9rateurs \u00e9conomiques non seulement du Cameroun, mais des pays des zones CEMAC, UEOMOA et du Maghreb. Il sera principalement question de mis en relation et de saisie d\u2019opportunit\u00e9s d\u2019affaires, lors de la pl\u00e9ni\u00e8re et des \u00e9changes interactifs autour d\u2019un panel d\u00e9di\u00e9, ainsi que des rencontres B2B. Des visites de quelques sites \u00e9conomiques sont \u00e9galement pr\u00e9vues dans e programme.<\/p>\n<p>Lors de la premi\u00e8re \u00e9dition th\u00e9matique, qui portait sur \u00ab PME : Renforcement des capacit\u00e9s et leviers de d\u00e9veloppement \u00bb et qui avait vu la participation de plus de 80 personnes, la SCB Cameroun avait expliqu\u00e9 qu\u2019\u00e0 travers ces rencontres th\u00e9matiques, elle veut marquer sa volont\u00e9 de mettre en \u0153uvre de mani\u00e8re progressive et structur\u00e9e, une approche relationnelle avec les PME camerounaises.<\/p>\n<div class=\"about-author about-author-box container-wrapper\">\n<div class=\"author-avatar\">\n<p><img decoding=\"async\" src=\"http:\/\/\" alt=\"\"\/><\/p>\n<\/div>\n<p><h4>La R\u00e9daction EcoMatin<\/h4>\n<\/p>\n<\/div>\n<div class=\"awac-wrapper awac widget blog_subscription-2\">\n<h4 class=\"widget-title\">Abonnez-vous \u00e0 notre lettre d&rsquo;information<\/h4>\n<\/div>\n<\/div>\n<div class=\"toggle-post-content clearfix\"><a id=\"toggle-post-button\" class=\"button\" href=\"#\">Afficher plus <\/a><\/div>\n<p>Auteur: EcoMatin<br \/>\n<a href=\"https:\/\/ecomatin.net\/la-3eme-edition-du-club-afrique-developpement-cameroun-annoncee-a-douala\/\">Cliquez ici pour lire l&rsquo;article depuis sa source.<\/a><\/p>\n","protected":false},"excerpt":{"rendered":"<p>\u00ab\u00a0Le Trade comme levier de croissance des entreprises\u00a0\u00bb. C\u2019est le th\u00e8me choisi pour la 3e \u00e9dition du Club Afrique d\u00e9veloppement Cameroun qui se tiendra \u00e0 Douala le 30 octobre 2019. La rencontre se tient sous l\u2019\u00e9gide de SCB Cameroun, filiale du groupe Attijariwafa Bank. Elle s\u2019inscrit dans la continuit\u00e9 du programme annuel du Club Afrique [&hellip;]<\/p>\n","protected":false},"author":1969,"featured_media":0,"comment_status":"closed","ping_status":"closed","sticky":false,"template":"","format":"standard","meta":{"fifu_image_url":"","fifu_image_alt":"","footnotes":""},"categories":[82,78],"tags":[],"class_list":["post-64515","post","type-post","status-publish","format-standard","hentry","category-cameroun","category-economie"],"_links":{"self":[{"href":"https:\/\/linitiative.ca\/International\/wp-json\/wp\/v2\/posts\/64515","targetHints":{"allow":["GET"]}}],"collection":[{"href":"https:\/\/linitiative.ca\/International\/wp-json\/wp\/v2\/posts"}],"about":[{"href":"https:\/\/linitiative.ca\/International\/wp-json\/wp\/v2\/types\/post"}],"author":[{"embeddable":true,"href":"https:\/\/linitiative.ca\/International\/wp-json\/wp\/v2\/users\/1969"}],"replies":[{"embeddable":true,"href":"https:\/\/linitiative.ca\/International\/wp-json\/wp\/v2\/comments?post=64515"}],"version-history":[{"count":0,"href":"https:\/\/linitiative.ca\/International\/wp-json\/wp\/v2\/posts\/64515\/revisions"}],"wp:attachment":[{"href":"https:\/\/linitiative.ca\/International\/wp-json\/wp\/v2\/media?parent=64515"}],"wp:term":[{"taxonomy":"category","embeddable":true,"href":"https:\/\/linitiative.ca\/International\/wp-json\/wp\/v2\/categories?post=64515"},{"taxonomy":"post_tag","embeddable":true,"href":"https:\/\/linitiative.ca\/International\/wp-json\/wp\/v2\/tags?post=64515"}],"curies":[{"name":"wp","href":"https:\/\/api.w.org\/{rel}","templated":true}]}}