{"id":64516,"date":"2019-10-15T10:16:33","date_gmt":"2019-10-15T14:16:33","guid":{"rendered":"https:\/\/linitiative.ca\/International\/ibrahim-talba-malla-suspend-deux-membres-de-commissions-de-passation-de-marches\/"},"modified":"2019-10-15T10:16:33","modified_gmt":"2019-10-15T14:16:33","slug":"ibrahim-talba-malla-suspend-deux-membres-de-commissions-de-passation-de-marches","status":"publish","type":"post","link":"https:\/\/linitiative.ca\/International\/ibrahim-talba-malla-suspend-deux-membres-de-commissions-de-passation-de-marches\/","title":{"rendered":"Ibrahim Talba Malla suspend deux membres de commissions de passation de march\u00e9s"},"content":{"rendered":"<div class=\"featured-area featured-area-inner\"><img loading=\"lazy\" decoding=\"async\" width=\"780\" height=\"405\" src=\"https:\/\/i1.wp.com\/ecomatin.net\/wp-content\/uploads\/2019\/10\/ecomatin.net-ibrahim-talba-malla-suspend-deux-membres-de-commissions-de-passation-de-marches-ibrahim-talba-malla.jpg?resize=780%2C405&#038;ssl=1&#038;is-pending-load=1\" class=\"attachment-jannah-image-post size-jannah-image-post wp-post-image jetpack-lazy-image\" alt=\"\" data-attachment-id=\"12869\" data-permalink=\"https:\/\/ecomatin.net\/ibrahim-talba-malla-suspend-deux-membres-de-commissions-de-passation-de-marches\/ibrahim-talba-malla\/\" data-orig-file=\"https:\/\/i1.wp.com\/ecomatin.net\/wp-content\/uploads\/2019\/10\/ecomatin.net-ibrahim-talba-malla-suspend-deux-membres-de-commissions-de-passation-de-marches-ibrahim-talba-malla.jpg?fit=900%2C486&#038;ssl=1\" data-orig-size=\"900,486\" data-comments-opened=\"0\" data-image-meta=\"{\"aperture\":\"0\",\"credit\":\"\",\"camera\":\"\",\"caption\":\"\",\"created_timestamp\":\"0\",\"copyright\":\"\",\"focal_length\":\"0\",\"iso\":\"0\",\"shutter_speed\":\"0\",\"title\":\"\",\"orientation\":\"0\"}\" data-image-title=\"Ibrahim talba malla\" data-image-description=\"\" data-medium-file=\"https:\/\/i1.wp.com\/ecomatin.net\/wp-content\/uploads\/2019\/10\/ecomatin.net-ibrahim-talba-malla-suspend-deux-membres-de-commissions-de-passation-de-marches-ibrahim-talba-malla.jpg?fit=300%2C162&#038;ssl=1\" data-large-file=\"https:\/\/i1.wp.com\/ecomatin.net\/wp-content\/uploads\/2019\/10\/ecomatin.net-ibrahim-talba-malla-suspend-deux-membres-de-commissions-de-passation-de-marches-ibrahim-talba-malla.jpg?fit=900%2C486&#038;ssl=1\" srcset=\"data:image\/gif;base64,R0lGODlhAQABAIAAAAAAAP\/\/\/yH5BAEAAAAALAAAAAABAAEAAAIBRAA7\"\/><\/div>\n<div class=\"entry-content entry clearfix\" readability=\"59\">\n<p>Ministre d\u00e9l\u00e9gu\u00e9 \u00e0 la pr\u00e9sidence de la R\u00e9publique charg\u00e9 des March\u00e9s publics (MINMAP), <strong>Ibrahim Talba Malla<\/strong> (photo) a d\u00e9cid\u00e9, le 11 octobre 2019, de suspendre deux membres de la commission interne de passation des march\u00e9s aupr\u00e8s de la commune de <strong>Bazou<\/strong>, dans la r\u00e9gion de l\u2019Ouest du Cameroun. Il s\u2019agit de <strong>Francis Signe Fossi<\/strong>, pr\u00e9sident de ladite commission, et <strong>Amedee Zola Tchatchou<\/strong> qui en \u00e9tait membre.<\/p>\n<p>Les deux hommes sont suspendus durant une p\u00e9riode de deux ans pour <em>\u00ab\u00a0<strong>violation<\/strong> de la proc\u00e9dure de <strong>passation des march\u00e9s<\/strong>, notamment la manipulation des offres dans le cadre de certains appels d\u2019offres au niveau de la commune de Bazou\u00a0\u00bb<\/em>, pr\u00e9cise la d\u00e9cision du ministre.<\/p>\n<p>Les griefs port\u00e9s contre Francis Signe Fossi et Amedee Zola Tchatchou sont relatifs \u00e0 cinq appels d\u2019offres\u00a0: le projet de construction de quatre forages dans les localit\u00e9s de <strong>Mangou<\/strong> et de <strong>Nboudang<\/strong>\u00a0; la r\u00e9habilitation de <strong>10 forages<\/strong> dans l\u2019arrondissement de Bazou\u00a0; la reconstruction d\u2019un bloc de deux salles de classe \u00e0 <strong>Ndepla<\/strong> et la construction d\u2019un bloc de deux salles de classe dans la localit\u00e9 de <strong>Djeumack<\/strong>.<\/p>\n<p>Les deux suspendus ont \u00e9galement effectu\u00e9 des manipulations sur l\u2019appel d\u2019offre portant construction de certaines infrastructures dans la commune de Bazou pour le lot n\u00b01, alors que le lot n\u00b0 pr\u00e9voyait la construction d\u2019un centre zootechnique et v\u00e9t\u00e9rinaire \u00e0 <strong>Balengou<\/strong>. Enfin, l\u2019appel d\u2019offres pour les travaux de construction de l\u2019\u00e9clairage publics \u00e0 Bazou. Tous ces appels d\u2019offres avaient \u00e9t\u00e9 lanc\u00e9s au cours de cette ann\u00e9e.<\/p>\n<div class=\"about-author about-author-box container-wrapper\">\n<div class=\"author-avatar\">\n<p><img decoding=\"async\" src=\"http:\/\/\" alt=\"\"\/><\/p>\n<\/div>\n<p><h4>La R\u00e9daction EcoMatin<\/h4>\n<\/p>\n<\/div>\n<div class=\"awac-wrapper awac widget blog_subscription-2\">\n<h4 class=\"widget-title\">Abonnez-vous \u00e0 notre lettre d&rsquo;information<\/h4>\n<\/div>\n<\/div>\n<div class=\"toggle-post-content clearfix\"><a id=\"toggle-post-button\" class=\"button\" href=\"#\">Afficher plus <\/a><\/div>\n<p>Auteur: EcoMatin<br \/>\n<a href=\"https:\/\/ecomatin.net\/ibrahim-talba-malla-suspend-deux-membres-de-commissions-de-passation-de-marches\/\">Cliquez ici pour lire l&rsquo;article depuis sa source.<\/a><\/p>\n","protected":false},"excerpt":{"rendered":"<p>Ministre d\u00e9l\u00e9gu\u00e9 \u00e0 la pr\u00e9sidence de la R\u00e9publique charg\u00e9 des March\u00e9s publics (MINMAP), Ibrahim Talba Malla (photo) a d\u00e9cid\u00e9, le 11 octobre 2019, de suspendre deux membres de la commission interne de passation des march\u00e9s aupr\u00e8s de la commune de Bazou, dans la r\u00e9gion de l\u2019Ouest du Cameroun. Il s\u2019agit de Francis Signe Fossi, pr\u00e9sident [&hellip;]<\/p>\n","protected":false},"author":1969,"featured_media":0,"comment_status":"closed","ping_status":"closed","sticky":false,"template":"","format":"standard","meta":{"fifu_image_url":"","fifu_image_alt":"","footnotes":""},"categories":[82,78],"tags":[],"class_list":["post-64516","post","type-post","status-publish","format-standard","hentry","category-cameroun","category-economie"],"_links":{"self":[{"href":"https:\/\/linitiative.ca\/International\/wp-json\/wp\/v2\/posts\/64516","targetHints":{"allow":["GET"]}}],"collection":[{"href":"https:\/\/linitiative.ca\/International\/wp-json\/wp\/v2\/posts"}],"about":[{"href":"https:\/\/linitiative.ca\/International\/wp-json\/wp\/v2\/types\/post"}],"author":[{"embeddable":true,"href":"https:\/\/linitiative.ca\/International\/wp-json\/wp\/v2\/users\/1969"}],"replies":[{"embeddable":true,"href":"https:\/\/linitiative.ca\/International\/wp-json\/wp\/v2\/comments?post=64516"}],"version-history":[{"count":0,"href":"https:\/\/linitiative.ca\/International\/wp-json\/wp\/v2\/posts\/64516\/revisions"}],"wp:attachment":[{"href":"https:\/\/linitiative.ca\/International\/wp-json\/wp\/v2\/media?parent=64516"}],"wp:term":[{"taxonomy":"category","embeddable":true,"href":"https:\/\/linitiative.ca\/International\/wp-json\/wp\/v2\/categories?post=64516"},{"taxonomy":"post_tag","embeddable":true,"href":"https:\/\/linitiative.ca\/International\/wp-json\/wp\/v2\/tags?post=64516"}],"curies":[{"name":"wp","href":"https:\/\/api.w.org\/{rel}","templated":true}]}}