{"id":64517,"date":"2019-10-15T11:46:38","date_gmt":"2019-10-15T15:46:38","guid":{"rendered":"https:\/\/linitiative.ca\/International\/basile-tchakounte-nomme-directeur-general-par-interim-du-fagace\/"},"modified":"2019-10-15T11:46:38","modified_gmt":"2019-10-15T15:46:38","slug":"basile-tchakounte-nomme-directeur-general-par-interim-du-fagace","status":"publish","type":"post","link":"https:\/\/linitiative.ca\/International\/basile-tchakounte-nomme-directeur-general-par-interim-du-fagace\/","title":{"rendered":"Basile Tchakount\u00e9, nomm\u00e9 directeur g\u00e9n\u00e9ral par int\u00e9rim du FAGACE"},"content":{"rendered":"<div class=\"entry-content entry clearfix\" readability=\"56\">\n<p><strong><a href=\"https:\/\/i1.wp.com\/ecomatin.net\/wp-content\/uploads\/2019\/10\/ecomatin.net-basile-tchakounte-nomme-directeur-general-par-interim-du-fagace-basile-tchakounte-dg-par-interim-du-fonds-africain-de-garantie-et-de-cooperation-economique.-1.jpg?ssl=1\"><\/p>\n<p><img loading=\"lazy\" decoding=\"async\" data-attachment-id=\"12891\" data-permalink=\"https:\/\/ecomatin.net\/basile-tchakounte-nomme-directeur-general-par-interim-du-fagace\/basile-tchakounte-dg-par-interim-du-fonds-africain-de-garantie-et-de-cooperation-economique-1\/\" data-orig-file=\"https:\/\/i1.wp.com\/ecomatin.net\/wp-content\/uploads\/2019\/10\/ecomatin.net-basile-tchakounte-nomme-directeur-general-par-interim-du-fagace-basile-tchakounte-dg-par-interim-du-fonds-africain-de-garantie-et-de-cooperation-economique.-1.jpg?fit=500%2C333&#038;ssl=1\" data-orig-size=\"500,333\" data-comments-opened=\"0\" data-image-meta=\"{\"aperture\":\"0\",\"credit\":\"\",\"camera\":\"\",\"caption\":\"\",\"created_timestamp\":\"0\",\"copyright\":\"\",\"focal_length\":\"0\",\"iso\":\"0\",\"shutter_speed\":\"0\",\"title\":\"\",\"orientation\":\"0\"}\" data-image-title=\"Basile-Tchakounte, dg par interim du Fonds africain de garantie et de cooperation economique. (1)\" data-image-description=\"\" data-medium-file=\"https:\/\/i1.wp.com\/ecomatin.net\/wp-content\/uploads\/2019\/10\/ecomatin.net-basile-tchakounte-nomme-directeur-general-par-interim-du-fagace-basile-tchakounte-dg-par-interim-du-fonds-africain-de-garantie-et-de-cooperation-economique.-1.jpg?fit=300%2C200&#038;ssl=1\" data-large-file=\"https:\/\/i1.wp.com\/ecomatin.net\/wp-content\/uploads\/2019\/10\/ecomatin.net-basile-tchakounte-nomme-directeur-general-par-interim-du-fagace-basile-tchakounte-dg-par-interim-du-fonds-africain-de-garantie-et-de-cooperation-economique.-1.jpg?fit=500%2C333&#038;ssl=1\" class=\" wp-image-12891 alignleft\" src=\"https:\/\/i1.wp.com\/ecomatin.net\/wp-content\/uploads\/2019\/10\/ecomatin.net-basile-tchakounte-nomme-directeur-general-par-interim-du-fagace-basile-tchakounte-dg-par-interim-du-fonds-africain-de-garantie-et-de-cooperation-economique.-1.jpg?resize=279%2C186&#038;ssl=1\" alt=\"\" width=\"279\" height=\"186\" srcset=\"https:\/\/i1.wp.com\/ecomatin.net\/wp-content\/uploads\/2019\/10\/ecomatin.net-basile-tchakounte-nomme-directeur-general-par-interim-du-fagace-basile-tchakounte-dg-par-interim-du-fonds-africain-de-garantie-et-de-cooperation-economique.-1.jpg?w=500&#038;ssl=1 500w, https:\/\/i1.wp.com\/ecomatin.net\/wp-content\/uploads\/2019\/10\/ecomatin.net-basile-tchakounte-nomme-directeur-general-par-interim-du-fagace-basile-tchakounte-dg-par-interim-du-fonds-africain-de-garantie-et-de-cooperation-economique.-1.jpg?resize=300%2C200&#038;ssl=1 300w\" sizes=\"auto, (max-width: 279px) 100vw, 279px\" data-recalc-dims=\"1\"\/><\/p>\n<p><\/a>Basile Tchakount\u00e9<\/strong>\u00a0remplace provisoirement l\u2019Ivoirienne\u00a0<strong>Minafou Fanta Coulibaly-Kon\u00e9,<\/strong> directeur g\u00e9n\u00e9ral sortant<strong>,\u00a0<\/strong>qui<strong>\u00a0\u00a0<\/strong>a<strong>\u00a0<\/strong>d\u00e9cid\u00e9 de quitter son poste avant la fin de son mandat pr\u00e9vu en 2021. Celle qui a pris les r\u00eanes du <strong>Fonds Africain de Garantie et de Coop\u00e9ration \u00e9conomique<\/strong> (<strong>FAGACE<\/strong>) en janvier 2017 doit assurer de nouvelles fonctions en C\u00f4te d\u2019Ivoire.<\/p>\n<p>En tant que directeur g\u00e9n\u00e9ral par int\u00e9rim, le financier Basile Tchakount\u00e9 aura la responsabilit\u00e9 de renforcer la dynamique des activit\u00e9s du FAGACE, de consolider et de poursuivre les acquis du Fonds impuls\u00e9s par\u00a0<strong>Minafou Fanta Coulibaly-Kon\u00e9<\/strong>. Elle est reconnue pour avoir transform\u00e9 l\u2019institution et r\u00e9tabli son \u00e9quilibre financier avec de tr\u00e8s belles perspectives de croissance. Avant sa nomination, Basile Tchakount\u00e9 occupait le poste de directeur des op\u00e9rations de l\u2019institution. C\u2019est un ancien cadre de la Banque de d\u00e9veloppement des \u00c9tats de l\u2019Afrique centrale (<strong>BDEAC<\/strong>), institution financi\u00e8re sous r\u00e9gionale dont il a \u00e9t\u00e9 le directeur des finances.<\/p>\n<p>La c\u00e9r\u00e9monie de passation de charges s\u2019est d\u00e9roul\u00e9e vendredi 4 Octobre 2019 au si\u00e8ge du Fonds, sous la pr\u00e9sidence de\u00a0<strong>Souariba Gonfouli,<\/strong>\u00a0pr\u00e9sident du conseil d\u2019administration. Dans son intervention, Il a r\u00e9affirm\u00e9 la confiance\u00a0 des administrateurs et a marqu\u00e9 la d\u00e9termination des instances \u00e0 soutenir le\u00a0<strong>FAGACE<\/strong>\u00a0dans son \u00e9lan. Le PCA a rappel\u00e9 l\u2019appel d\u2019une nouvelle tranche de capital d\u2019un montant de\u00a0<strong>25 milliards de FCFA\u00a0<\/strong>approuv\u00e9e par la 11\u00e8me session du Conseil des gouverneurs, en juillet 2019, afin de permettre au Fonds de jouer pleinement son r\u00f4le central dans l\u2019appui des Etats membres dans le nouvel ordre \u00e9conomique continental en marche.<\/p>\n<div class=\"about-author about-author-box container-wrapper\">\n<div class=\"author-avatar\">\n<p><img decoding=\"async\" src=\"http:\/\/\" alt=\"\"\/><\/p>\n<\/div>\n<p><h4>La R\u00e9daction EcoMatin<\/h4>\n<\/p>\n<\/div>\n<div class=\"awac-wrapper awac widget blog_subscription-2\">\n<h4 class=\"widget-title\">Abonnez-vous \u00e0 notre lettre d&rsquo;information<\/h4>\n<\/div>\n<\/div>\n<div class=\"toggle-post-content clearfix\"><a id=\"toggle-post-button\" class=\"button\" href=\"#\">Afficher plus <\/a><\/div>\n<p>Auteur: EcoMatin<br \/>\n<a href=\"https:\/\/ecomatin.net\/basile-tchakounte-nomme-directeur-general-par-interim-du-fagace\/\">Cliquez ici pour lire l&rsquo;article depuis sa source.<\/a><\/p>\n","protected":false},"excerpt":{"rendered":"<p>Basile Tchakount\u00e9\u00a0remplace provisoirement l\u2019Ivoirienne\u00a0Minafou Fanta Coulibaly-Kon\u00e9, directeur g\u00e9n\u00e9ral sortant,\u00a0qui\u00a0\u00a0a\u00a0d\u00e9cid\u00e9 de quitter son poste avant la fin de son mandat pr\u00e9vu en 2021. Celle qui a pris les r\u00eanes du Fonds Africain de Garantie et de Coop\u00e9ration \u00e9conomique (FAGACE) en janvier 2017 doit assurer de nouvelles fonctions en C\u00f4te d\u2019Ivoire. En tant que directeur g\u00e9n\u00e9ral par [&hellip;]<\/p>\n","protected":false},"author":1969,"featured_media":0,"comment_status":"closed","ping_status":"closed","sticky":false,"template":"","format":"standard","meta":{"fifu_image_url":"","fifu_image_alt":"","footnotes":""},"categories":[82,78],"tags":[],"class_list":["post-64517","post","type-post","status-publish","format-standard","hentry","category-cameroun","category-economie"],"_links":{"self":[{"href":"https:\/\/linitiative.ca\/International\/wp-json\/wp\/v2\/posts\/64517","targetHints":{"allow":["GET"]}}],"collection":[{"href":"https:\/\/linitiative.ca\/International\/wp-json\/wp\/v2\/posts"}],"about":[{"href":"https:\/\/linitiative.ca\/International\/wp-json\/wp\/v2\/types\/post"}],"author":[{"embeddable":true,"href":"https:\/\/linitiative.ca\/International\/wp-json\/wp\/v2\/users\/1969"}],"replies":[{"embeddable":true,"href":"https:\/\/linitiative.ca\/International\/wp-json\/wp\/v2\/comments?post=64517"}],"version-history":[{"count":0,"href":"https:\/\/linitiative.ca\/International\/wp-json\/wp\/v2\/posts\/64517\/revisions"}],"wp:attachment":[{"href":"https:\/\/linitiative.ca\/International\/wp-json\/wp\/v2\/media?parent=64517"}],"wp:term":[{"taxonomy":"category","embeddable":true,"href":"https:\/\/linitiative.ca\/International\/wp-json\/wp\/v2\/categories?post=64517"},{"taxonomy":"post_tag","embeddable":true,"href":"https:\/\/linitiative.ca\/International\/wp-json\/wp\/v2\/tags?post=64517"}],"curies":[{"name":"wp","href":"https:\/\/api.w.org\/{rel}","templated":true}]}}