{"id":64519,"date":"2019-10-15T14:51:30","date_gmt":"2019-10-15T18:51:30","guid":{"rendered":"https:\/\/linitiative.ca\/International\/celestin-tawamba-a-abidjan-pour-la-8e-edition-de-la-cgeci-academy\/"},"modified":"2019-10-15T14:51:30","modified_gmt":"2019-10-15T18:51:30","slug":"celestin-tawamba-a-abidjan-pour-la-8e-edition-de-la-cgeci-academy","status":"publish","type":"post","link":"https:\/\/linitiative.ca\/International\/celestin-tawamba-a-abidjan-pour-la-8e-edition-de-la-cgeci-academy\/","title":{"rendered":"C\u00e9lestin Tawamba \u00e0 Abidjan pour la 8e \u00e9dition de la CGECI Academy"},"content":{"rendered":"<div class=\"featured-area featured-area-inner\"><img loading=\"lazy\" decoding=\"async\" width=\"400\" height=\"266\" src=\"https:\/\/i1.wp.com\/ecomatin.net\/wp-content\/uploads\/2019\/10\/ecomatin.net-celestin-tawamba-a-abidjan-pour-la-8e-edition-de-la-cgeci-academy-img-20191015-wa0035.jpg?resize=400%2C266&#038;ssl=1&#038;is-pending-load=1\" class=\"attachment-jannah-image-post size-jannah-image-post wp-post-image jetpack-lazy-image\" alt=\"\" data-attachment-id=\"12924\" data-permalink=\"https:\/\/ecomatin.net\/celestin-tawamba-a-abidjan-pour-la-8e-edition-de-la-cgeci-academy\/img-20191015-wa0035\/\" data-orig-file=\"https:\/\/i1.wp.com\/ecomatin.net\/wp-content\/uploads\/2019\/10\/ecomatin.net-celestin-tawamba-a-abidjan-pour-la-8e-edition-de-la-cgeci-academy-img-20191015-wa0035.jpg?fit=400%2C266&#038;ssl=1\" data-orig-size=\"400,266\" data-comments-opened=\"0\" data-image-meta=\"{\"aperture\":\"0\",\"credit\":\"\",\"camera\":\"\",\"caption\":\"\",\"created_timestamp\":\"0\",\"copyright\":\"\",\"focal_length\":\"0\",\"iso\":\"0\",\"shutter_speed\":\"0\",\"title\":\"\",\"orientation\":\"0\"}\" data-image-title=\"IMG-20191015-WA0035\" data-image-description=\"\" data-medium-file=\"https:\/\/i1.wp.com\/ecomatin.net\/wp-content\/uploads\/2019\/10\/ecomatin.net-celestin-tawamba-a-abidjan-pour-la-8e-edition-de-la-cgeci-academy-img-20191015-wa0035.jpg?fit=300%2C200&#038;ssl=1\" data-large-file=\"https:\/\/i1.wp.com\/ecomatin.net\/wp-content\/uploads\/2019\/10\/ecomatin.net-celestin-tawamba-a-abidjan-pour-la-8e-edition-de-la-cgeci-academy-img-20191015-wa0035.jpg?fit=400%2C266&#038;ssl=1\" data-lazy-srcset=\"https:\/\/i1.wp.com\/ecomatin.net\/wp-content\/uploads\/2019\/10\/ecomatin.net-celestin-tawamba-a-abidjan-pour-la-8e-edition-de-la-cgeci-academy-img-20191015-wa0035.jpg?w=400&#038;ssl=1 400w, https:\/\/i1.wp.com\/ecomatin.net\/wp-content\/uploads\/2019\/10\/ecomatin.net-celestin-tawamba-a-abidjan-pour-la-8e-edition-de-la-cgeci-academy-img-20191015-wa0035.jpg?resize=300%2C200&#038;ssl=1 300w\" data-lazy-sizes=\"(max-width: 400px) 100vw, 400px\" srcset=\"data:image\/gif;base64,R0lGODlhAQABAIAAAAAAAP\/\/\/yH5BAEAAAAALAAAAAABAAEAAAIBRAA7\"\/><\/div>\n<div class=\"entry-content entry clearfix\" readability=\"60\">\n<p>Invit\u00e9 par la <strong>Conf\u00e9d\u00e9ration g\u00e9n\u00e9rale des entreprises de la C\u00f4te d\u2019Ivoire<\/strong> (<strong>CGECI<\/strong>), le pr\u00e9sident du <strong>Groupement inter patronal du Cameroun<\/strong> (GICAM) a particip\u00e9 \u00e0 l\u2019ouverture de la 8<sup>e<\/sup> \u00e9dition du Forum \u00e9conomique d\u00e9nomm\u00e9 \u00ab\u00a0CGECI Acdamy\u00a0\u00bb, qui a d\u00e9marr\u00e9 le 14 octobre 2019. C\u00e9lestin Tawamba y a pris la parole, en pr\u00e9sence du pr\u00e9sident rwandais <strong>Paul Kagam\u00e9<\/strong> et du vice-pr\u00e9sident ivoirien <strong>Duncan Kablan<\/strong>.<\/p>\n<p>Organis\u00e9 sous le th\u00e8me \u00ab<em>\u00a0Environnement des affaires\u00a0: quel mod\u00e8le \u00e0 privil\u00e9gier pour le d\u00e9veloppement des entreprises en Afrique\u00a0?<\/em>\u00a0\u00bb, ce forum \u00e9conomique a rassembl\u00e9 d\u2019importantes personnalit\u00e9s du secteur public et du secteur priv\u00e9 de tout horizon, dans le but de r\u00e9fl\u00e9chir sur les questions li\u00e9es \u00e0 l\u2019am\u00e9lioration du climat des affaires en Afrique.<\/p>\n<p>Abordant justement cette probl\u00e9matique, <strong>C\u00e9lestin Twamba<\/strong> a pr\u00e9sent\u00e9 sa vision sur les mesures qui seraient adapt\u00e9es aux ambitions des pays africains pour la <strong>zone de libre-\u00e9change continentale en Afrique<\/strong> (ZLECA) pour am\u00e9liorer l\u2019environnement des affaires. Proc\u00e9dant par \u00e9limination le pr\u00e9sident du GICAM estime en substance que les pays africains semblent avoir oubli\u00e9 la probl\u00e9matique de la monnaie dans le processus d\u2019am\u00e9lioration de l\u2019environnement des affaires. Il estime \u00e9galement que le fait de cr\u00e9er une entreprise en 24 heures pour qu\u2019elle meure rapidement n\u2019est pas \u00e0 un signe de vigueur du climat des affaires. Il en est de m\u00eame de la baisse du taux d\u2019inflation.<\/p>\n<p>En rappel, La <strong>CGECI Academy<\/strong> est forum \u00e9conomique annuel du patronat ivoirien. Depuis 2012, il rassemble environ 600 chefs d\u2019entreprise, 3 000 jeunes entrepreneurs et aspirants entrepreneurs ainsi que des autorit\u00e9s publiques autour de sujets d\u2019int\u00e9r\u00eat pour le d\u00e9veloppement du secteur priv\u00e9 ivoirien. Le forum a \u00e9t\u00e9 institu\u00e9 dans le but d\u2019\u00eatre le cadre par excellence de rassemblement et d\u2019\u00e9changes des chefs d\u2019entreprise ivoiriens, leur permettant de r\u00e9fl\u00e9chir sur les questions li\u00e9es au d\u00e9veloppement des entreprises<\/p>\n<div class=\"about-author about-author-box container-wrapper\">\n<div class=\"author-avatar\">\n<p><img decoding=\"async\" src=\"http:\/\/\" alt=\"\"\/><\/p>\n<\/div>\n<p><h4>La R\u00e9daction EcoMatin<\/h4>\n<\/p>\n<\/div>\n<div class=\"awac-wrapper awac widget blog_subscription-2\">\n<h4 class=\"widget-title\">Abonnez-vous \u00e0 notre lettre d&rsquo;information<\/h4>\n<\/div>\n<\/div>\n<div class=\"toggle-post-content clearfix\"><a id=\"toggle-post-button\" class=\"button\" href=\"#\">Afficher plus <\/a><\/div>\n<p>Auteur: EcoMatin<br \/>\n<a href=\"https:\/\/ecomatin.net\/celestin-tawamba-a-abidjan-pour-la-8e-edition-de-la-cgeci-academy\/\">Cliquez ici pour lire l&rsquo;article depuis sa source.<\/a><\/p>\n","protected":false},"excerpt":{"rendered":"<p>Invit\u00e9 par la Conf\u00e9d\u00e9ration g\u00e9n\u00e9rale des entreprises de la C\u00f4te d\u2019Ivoire (CGECI), le pr\u00e9sident du Groupement inter patronal du Cameroun (GICAM) a particip\u00e9 \u00e0 l\u2019ouverture de la 8e \u00e9dition du Forum \u00e9conomique d\u00e9nomm\u00e9 \u00ab\u00a0CGECI Acdamy\u00a0\u00bb, qui a d\u00e9marr\u00e9 le 14 octobre 2019. C\u00e9lestin Tawamba y a pris la parole, en pr\u00e9sence du pr\u00e9sident rwandais Paul [&hellip;]<\/p>\n","protected":false},"author":1969,"featured_media":0,"comment_status":"closed","ping_status":"closed","sticky":false,"template":"","format":"standard","meta":{"fifu_image_url":"","fifu_image_alt":"","footnotes":""},"categories":[82,78],"tags":[],"class_list":["post-64519","post","type-post","status-publish","format-standard","hentry","category-cameroun","category-economie"],"_links":{"self":[{"href":"https:\/\/linitiative.ca\/International\/wp-json\/wp\/v2\/posts\/64519","targetHints":{"allow":["GET"]}}],"collection":[{"href":"https:\/\/linitiative.ca\/International\/wp-json\/wp\/v2\/posts"}],"about":[{"href":"https:\/\/linitiative.ca\/International\/wp-json\/wp\/v2\/types\/post"}],"author":[{"embeddable":true,"href":"https:\/\/linitiative.ca\/International\/wp-json\/wp\/v2\/users\/1969"}],"replies":[{"embeddable":true,"href":"https:\/\/linitiative.ca\/International\/wp-json\/wp\/v2\/comments?post=64519"}],"version-history":[{"count":0,"href":"https:\/\/linitiative.ca\/International\/wp-json\/wp\/v2\/posts\/64519\/revisions"}],"wp:attachment":[{"href":"https:\/\/linitiative.ca\/International\/wp-json\/wp\/v2\/media?parent=64519"}],"wp:term":[{"taxonomy":"category","embeddable":true,"href":"https:\/\/linitiative.ca\/International\/wp-json\/wp\/v2\/categories?post=64519"},{"taxonomy":"post_tag","embeddable":true,"href":"https:\/\/linitiative.ca\/International\/wp-json\/wp\/v2\/tags?post=64519"}],"curies":[{"name":"wp","href":"https:\/\/api.w.org\/{rel}","templated":true}]}}