{"id":64527,"date":"2019-10-16T06:18:33","date_gmt":"2019-10-16T10:18:33","guid":{"rendered":"https:\/\/linitiative.ca\/International\/le-prince-moulay-rachid-preside-louverture-de-la-12e-salon-du-cheval\/"},"modified":"2019-10-16T06:18:33","modified_gmt":"2019-10-16T10:18:33","slug":"le-prince-moulay-rachid-preside-louverture-de-la-12e-salon-du-cheval","status":"publish","type":"post","link":"https:\/\/linitiative.ca\/International\/le-prince-moulay-rachid-preside-louverture-de-la-12e-salon-du-cheval\/","title":{"rendered":"Le Prince Moulay Rachid pr\u00e9side l\u2019ouverture de la 12e Salon du cheval"},"content":{"rendered":"<p class=\"c4\"><span class=\"c3\"><strong><span class=\"c2\">L<\/span>e Prince Moulay Rachid a pr\u00e9sid\u00e9, lundi, la c\u00e9r\u00e9monie d\u2019ouverture de la 12\u00e8me \u00e9dition du Salon du cheval d\u2019El Jadida, qui se tient jusqu\u2019au 20 octobre sous le th\u00e8me: \u00abLe cheval dans les \u00e9cosyst\u00e8mes marocains\u00bb.<\/strong><\/span><\/p>\n<p class=\"c4\">SAR le Prince Moulay Rachid a ensuite effectu\u00e9 une tourn\u00e9e \u00e0 travers les diff\u00e9rents stands d\u2019exposition du Salon, d\u00e9di\u00e9s notamment au village des sponsors, \u00e0 la maison de l\u2019artisan, au village des \u00e9leveurs, au village international, au village des institutionnels, aux r\u00e9gions, au village art et culture et aux Forces Arm\u00e9es Royales, \u00e0 la Gendarmerie Royale, \u00e0 la Garde Royale, \u00e0 la Direction g\u00e9n\u00e9rale de la S\u00fbret\u00e9 nationale, et aux Forces auxiliaires. Son Altesse Royale a, par la suite, gagn\u00e9 la carri\u00e8re principale pour assister aux spectacles \u00e9questres ex\u00e9cut\u00e9s par des troupes de cavaliers marocains et \u00e9trangers.<\/p>\n<p class=\"c4\">Par la suite, SAR le Prince Moulay Rachid s\u2019est dirig\u00e9 vers la carri\u00e8re de la Tbourida, o\u00f9 Son Altesse Royale a suivi des spectacles de fantasia anim\u00e9s par 12 Sorbas repr\u00e9sentant les diff\u00e9rentes r\u00e9gions du Royaume, avant de poser pour une photo souvenir avec les Moqadems des sorbas. La 12-\u00e8me \u00e9dition du Salon du Cheval est l\u2019occasion de t\u00e9moigner de la place du cheval dans un Maroc pluriel, riche d\u2019environnements divers et vari\u00e9s, et de la vari\u00e9t\u00e9 des liens qui unissent le cheval aux paysages c\u00f4tiers et montagneux, mais aussi aux plaines et aux zones arides.<\/p>\n<p class=\"c4\">Le Salon constitue l\u2019occasion de se positionner une fois encore comme une plate-forme incontournable de promotion de la fili\u00e8re \u00e9quine nationale. Pour tous les Marocains attach\u00e9s \u00e0 cette noble cr\u00e9ature qu\u2019est le cheval, le Salon est ainsi l\u2019opportunit\u00e9 de d\u00e9couvrir les grandes traditions \u00e9questres du Maroc ainsi que le patrimoine culturel exceptionnel de nos artistes et artisans.<\/p>\n<p class=\"c4\">Plus de 700 cavaliers venus d\u2019une quarantaine de pays participeront aux diff\u00e9rentes comp\u00e9titions du Salon. Parmi celles-ci, la 4e \u00e9dition du Grand Prix de SM le Roi Mohammed VI de Tbourida, le Show International A du Pur-Sang Arabe, le Championnat International du Cheval Barbe, la Coupe des \u00c9leveurs Marocains de Chevaux Arabes, la finale de l\u2019\u00c9qui-Play Tour ou encore le Concours International de Saut d\u2019Obstacles CSI 1* et CSI 4* qui repr\u00e9sente la troisi\u00e8me \u00e9tape du Morocco Royal Tour.<\/p>\n<p class=\"c4\">Le Salon proposera \u00e9galement une s\u00e9rie de conf\u00e9rences en relation avec le cheval anim\u00e9es par des experts de renomm\u00e9e, des animations p\u00e9dagogiques seront \u00e9galement propos\u00e9es au jeune public afin de sensibiliser les nouvelles g\u00e9n\u00e9rations, tandis que des spectacles \u00e9questres seront ex\u00e9cut\u00e9s par des artistes \u00e9trangers et marocains prestigieux.<\/p>\n<p>Auteur: M&rsquo;hammed rahal<br \/>\n<a href=\"http:\/\/albayane.press.ma\/le-prince-moulay-rachid-preside-louverture-de-la-12e-salon-du-cheval.html\">Cliquez ici pour lire l&rsquo;article depuis sa source.<\/a><\/p>\n","protected":false},"excerpt":{"rendered":"<p>Le Prince Moulay Rachid a pr\u00e9sid\u00e9, lundi, la c\u00e9r\u00e9monie d\u2019ouverture de la 12\u00e8me \u00e9dition du Salon du cheval d\u2019El Jadida, qui se tient jusqu\u2019au 20 octobre sous le th\u00e8me: \u00abLe cheval dans les \u00e9cosyst\u00e8mes marocains\u00bb. SAR le Prince Moulay Rachid a ensuite effectu\u00e9 une tourn\u00e9e \u00e0 travers les diff\u00e9rents stands d\u2019exposition du Salon, d\u00e9di\u00e9s notamment [&hellip;]<\/p>\n","protected":false},"author":1760,"featured_media":0,"comment_status":"closed","ping_status":"closed","sticky":false,"template":"","format":"standard","meta":{"fifu_image_url":"","fifu_image_alt":"","footnotes":""},"categories":[73,54],"tags":[],"class_list":["post-64527","post","type-post","status-publish","format-standard","hentry","category-actualite","category-maroc"],"_links":{"self":[{"href":"https:\/\/linitiative.ca\/International\/wp-json\/wp\/v2\/posts\/64527","targetHints":{"allow":["GET"]}}],"collection":[{"href":"https:\/\/linitiative.ca\/International\/wp-json\/wp\/v2\/posts"}],"about":[{"href":"https:\/\/linitiative.ca\/International\/wp-json\/wp\/v2\/types\/post"}],"author":[{"embeddable":true,"href":"https:\/\/linitiative.ca\/International\/wp-json\/wp\/v2\/users\/1760"}],"replies":[{"embeddable":true,"href":"https:\/\/linitiative.ca\/International\/wp-json\/wp\/v2\/comments?post=64527"}],"version-history":[{"count":0,"href":"https:\/\/linitiative.ca\/International\/wp-json\/wp\/v2\/posts\/64527\/revisions"}],"wp:attachment":[{"href":"https:\/\/linitiative.ca\/International\/wp-json\/wp\/v2\/media?parent=64527"}],"wp:term":[{"taxonomy":"category","embeddable":true,"href":"https:\/\/linitiative.ca\/International\/wp-json\/wp\/v2\/categories?post=64527"},{"taxonomy":"post_tag","embeddable":true,"href":"https:\/\/linitiative.ca\/International\/wp-json\/wp\/v2\/tags?post=64527"}],"curies":[{"name":"wp","href":"https:\/\/api.w.org\/{rel}","templated":true}]}}