{"id":64528,"date":"2019-10-16T06:27:53","date_gmt":"2019-10-16T10:27:53","guid":{"rendered":"https:\/\/linitiative.ca\/International\/le-groupement-parlementaire-du-pps-se-positionne-dans-lopposition\/"},"modified":"2019-10-16T06:27:53","modified_gmt":"2019-10-16T10:27:53","slug":"le-groupement-parlementaire-du-pps-se-positionne-dans-lopposition","status":"publish","type":"post","link":"https:\/\/linitiative.ca\/International\/le-groupement-parlementaire-du-pps-se-positionne-dans-lopposition\/","title":{"rendered":"Le Groupement parlementaire du PPS se positionne dans l\u2019opposition"},"content":{"rendered":"<p class=\"c3\"><strong><span class=\"c2\">Benabdallah: Le PPS traitera \u00abfavorablement tout ce qui est positif et qui r\u00e9ponde aux aspirations du peuple marocain\u00bb<\/span><\/strong><\/p>\n<p class=\"c5\"><span class=\"c4\"><strong><span class=\"c2\"><img loading=\"lazy\" decoding=\"async\" class=\" wp-image-82082 alignright\" src=\"http:\/\/albayane.press.ma\/wp-content\/uploads\/pps-1-610x380-230x130.jpg\" alt=\"\" width=\"225\" height=\"127\"\/>L<\/span>e Groupement parlementaire du Parti du progr\u00e8s et du socialisme a saisi le pr\u00e9sident la Chambre des repr\u00e9sentants, par \u00e9crit, pour lui signifier le positionnement du GPPS dans l\u2019opposition, pour le reste de la l\u00e9gislature en cours.<\/strong><\/span><\/p>\n<p class=\"c5\">Cette d\u00e9cision intervient suite \u00e0 la d\u00e9cision prise par le Comit\u00e9 central du PPS, r\u00e9uni le vendredi 4 octobre 2019, de se retirer de la majorit\u00e9 gouvernementale actuelle.<\/p>\n<p class=\"c5\">Elle\u00a0 est conforme au premier paragraphe de l\u2019article 66 du r\u00e8glement int\u00e9rieur de la Chambre des repr\u00e9sentants.<\/p>\n<p class=\"c5\">Dans sa missive, la pr\u00e9sidente du GPPS demande au pr\u00e9sident de la Chambre \u00abd\u2019annoncer cette d\u00e9cision, d\u00e8s la premi\u00e8re s\u00e9ance publique \u00e0 partir de la r\u00e9ception de sa lettre d\u2019information\u00bb.<\/p>\n<p class=\"c5\">Aicha Lablak renouvelle aussi l\u2019engagement de principe du Groupement qu\u2019elle dirige \u00e0 \u00abpoursuivre la coop\u00e9ration avec le Parlement pour faire r\u00e9ussir les chantiers et les r\u00e9formes au niveau de cette Chambre\u00bb.<\/p>\n<p class=\"c5\">D\u2019autre part, le Secr\u00e9taire g\u00e9n\u00e9ral du PPS avait tenu, vendredi dernier, une rencontre avec\u00a0 les membres du groupement parlementaire, au cours de laquelle il a pr\u00e9cis\u00e9 l\u2019attitude que le Parti va prendre \u00e0 l\u2019\u00e9gard du nouveau gouvernement auquel le Comit\u00e9 central avait d\u00e9cid\u00e9 de n\u2019y pas y participer.<\/p>\n<p class=\"c5\">C\u2019est \u00abune opposition constructive pour soutenir ce qui doit l\u2019\u00eatre et qui est porteur de perspectives positives\u00bb, a notamment d\u00e9clar\u00e9 Mohamed Nabil Benabdallah. Le PPS traitera ainsi \u00abfavorablement tout ce qui est positif et qui r\u00e9ponde aux aspirations du peuple marocain\u00bb.\u00a0 L\u2019opposition du Parti s\u2019exercera, selon lui, loin de tout \u00abobscurcissement\u00bb.<\/p>\n<p class=\"c5\">Ce positionnement devra permettre au PPS de \u00abmettre en lumi\u00e8re ses capacit\u00e9s pour qu\u2019il soit mieux \u00e9cout\u00e9, \u00e0 travers notamment ses analyses de la situation et les alternatives qu\u2019il propose pour r\u00e9soudre les probl\u00e8mes\u00bb, soulignant qu\u2019une \u00abgrande partie de l\u2019opinion publique nationale compte sur le PPS pour qu\u2019il joue son r\u00f4le principal et pour qu\u2019il retrouve sa position sur la sc\u00e8ne politique de la gauche marocaine\u00bb.<\/p>\n<p class=\"c5\">Benabdallah a fait savoir \u00e0 cette occasion que, dans l\u2019opposition, le PPS va diffuser \u00abun nouveau message qui traitera avec courage les questions et qui d\u00e9fendra des positions fondatrices\u00bb. In fine, le PPS \u00abexercera le parti une v\u00e9ritable opposition fond\u00e9e sur un nouveau discours de haut niveau avec de fortes positions\u00bb.<\/p>\n<p class=\"c5\">Par ailleurs, en \u00e9voquant la nouvelle formation gouvernementale, Le SG du PPS a fait savoir que cette nouvelle configuration confirme on ne peut plus clairement l\u2019analyse et la justesse de la position du Parti\u00bb. Et de conclure, \u00ables gouvernements pr\u00e9c\u00e9dents avaient au moins le m\u00e9rite d\u2019avoir une substance politique, malgr\u00e9 la tentative de d\u00e9pr\u00e9cier l\u2019action politique et les partis politiques\u00bb, a-t-il expliqu\u00e9, notant que la pr\u00e9sence du PPS dans un tel gouvernement aurait d\u00fb avoir un impact n\u00e9faste sur le parti et non positif\u00bb.<\/p>\n<p>Auteur: M&rsquo;hammed rahal<br \/>\n<a href=\"http:\/\/albayane.press.ma\/le-groupement-parlementaire-du-pps-se-positionne-dans-lopposition.html\">Cliquez ici pour lire l&rsquo;article depuis sa source.<\/a><\/p>\n","protected":false},"excerpt":{"rendered":"<p>Benabdallah: Le PPS traitera \u00abfavorablement tout ce qui est positif et qui r\u00e9ponde aux aspirations du peuple marocain\u00bb Le Groupement parlementaire du Parti du progr\u00e8s et du socialisme a saisi le pr\u00e9sident la Chambre des repr\u00e9sentants, par \u00e9crit, pour lui signifier le positionnement du GPPS dans l\u2019opposition, pour le reste de la l\u00e9gislature en cours. [&hellip;]<\/p>\n","protected":false},"author":1760,"featured_media":64529,"comment_status":"closed","ping_status":"closed","sticky":false,"template":"","format":"standard","meta":{"fifu_image_url":"","fifu_image_alt":"","footnotes":""},"categories":[73,54],"tags":[],"class_list":["post-64528","post","type-post","status-publish","format-standard","has-post-thumbnail","hentry","category-actualite","category-maroc"],"_links":{"self":[{"href":"https:\/\/linitiative.ca\/International\/wp-json\/wp\/v2\/posts\/64528","targetHints":{"allow":["GET"]}}],"collection":[{"href":"https:\/\/linitiative.ca\/International\/wp-json\/wp\/v2\/posts"}],"about":[{"href":"https:\/\/linitiative.ca\/International\/wp-json\/wp\/v2\/types\/post"}],"author":[{"embeddable":true,"href":"https:\/\/linitiative.ca\/International\/wp-json\/wp\/v2\/users\/1760"}],"replies":[{"embeddable":true,"href":"https:\/\/linitiative.ca\/International\/wp-json\/wp\/v2\/comments?post=64528"}],"version-history":[{"count":0,"href":"https:\/\/linitiative.ca\/International\/wp-json\/wp\/v2\/posts\/64528\/revisions"}],"wp:featuredmedia":[{"embeddable":true,"href":"https:\/\/linitiative.ca\/International\/wp-json\/"}],"wp:attachment":[{"href":"https:\/\/linitiative.ca\/International\/wp-json\/wp\/v2\/media?parent=64528"}],"wp:term":[{"taxonomy":"category","embeddable":true,"href":"https:\/\/linitiative.ca\/International\/wp-json\/wp\/v2\/categories?post=64528"},{"taxonomy":"post_tag","embeddable":true,"href":"https:\/\/linitiative.ca\/International\/wp-json\/wp\/v2\/tags?post=64528"}],"curies":[{"name":"wp","href":"https:\/\/api.w.org\/{rel}","templated":true}]}}