{"id":64530,"date":"2019-10-16T06:44:46","date_gmt":"2019-10-16T10:44:46","guid":{"rendered":"https:\/\/linitiative.ca\/International\/le-remaniement-a-enfin-eu-lieu-et-apres\/"},"modified":"2019-10-16T06:44:46","modified_gmt":"2019-10-16T10:44:46","slug":"le-remaniement-a-enfin-eu-lieu-et-apres","status":"publish","type":"post","link":"https:\/\/linitiative.ca\/International\/le-remaniement-a-enfin-eu-lieu-et-apres\/","title":{"rendered":"Le remaniement a enfin eu lieu: et apr\u00e8s?"},"content":{"rendered":"<p class=\"c2\"><strong>Par\u00a0: Abdeslam Seddiki<\/strong><\/p>\n<p class=\"c5\"><span class=\"c4\"><strong><span class=\"c3\">A<\/span>pr\u00e8s plus de deux mois d\u2019attente et d\u2019attentisme, le remaniement minist\u00e9riel a finalement eu lieu et le \u00abnouveau\u00bb gouvernement, ramass\u00e9 et relook\u00e9, voit le jour. Comme le temps presse et les \u00e9ch\u00e9ances se rapprochent, il est rentr\u00e9 en fonction avant m\u00eame que la passation des pouvoirs n\u2019ait eu lieu. Ainsi, un Conseil des Ministres, pr\u00e9sid\u00e9 par le Roi, s\u2019est tenu dans la foul\u00e9e pour adopter les grandes orientations du projet de loi de finances 2020, lequel projet sera d\u00e9pos\u00e9 devant le parlement le 20 octobre prochain.<\/strong><\/span><\/p>\n<p class=\"c5\">L\u2019expos\u00e9 circonscrit pr\u00e9sent\u00e9 par le Ministre de l\u2019\u00e9conomie, des finances et de la r\u00e9forme de l\u2019administration, bien qu\u2019il s\u2019inspire des derniers discours du Souverain, reprend globalement les m\u00eames priorit\u00e9s d\u00e9finies auparavant par la loi de cadrage. Celles-ci sont au nombre de quatre: la mise en \u0153uvre effective de la loi cadre relative \u00e0 la r\u00e9forme du syst\u00e8me d\u2019\u00e9ducation et de formation;\u00a0 la mise en place des m\u00e9canismes de protection sociale, le soutien de la classe moyenne et le renforcement du ciblage des cat\u00e9gories d\u00e9munies; l\u2019acc\u00e9l\u00e9ration de la mise en \u0153uvre de la r\u00e9gionalisation; imprimer une nouvelle dynamique \u00e0 l\u2019investissement et au soutien de l\u2019entreprise.<\/p>\n<p class=\"c5\">On le voit, c\u2019est un projet qui est apparemment \u00e0 forte teneur sociale et ne peut par cons\u00e9quent que r\u00e9pondre aux attentes et aux pr\u00e9occupations des citoyens. On attendra cependant de connaitre les d\u00e9tails dans lesquels se cache le diable, pour voir dans quelles mesures ces priorit\u00e9s se traduisent en actions concr\u00e8tes et en chiffres r\u00e9els.<\/p>\n<p class=\"c5\">Si le \u00abnouveau\u00bb gouvernement r\u00e9ussit dans cette \u00e9preuve, celle de mener \u00e0 bien les r\u00e9formes envisag\u00e9es dans un laps de temps relativement court, on pourra dire qu\u2019il a r\u00e9alis\u00e9 ce qu\u2019on attendait de lui. Mais au regard de sa composition, on a mille raisons d\u2019en douter. Car \u00e0 l\u2019\u00e9vidence, nous ne sommes pas r\u00e9ellement en face d\u2019un nouveau cabinet. On a repris pour l\u2019essentiel les m\u00eames et on repart.<\/p>\n<p class=\"c5\">Contrairement \u00e0 toute attente,\u00a0 peu de\u00a0 sang neuf fut inject\u00e9 dans la nouvelle \u00e9quipe. Les nouvelles \u00abcomp\u00e9tences\u00bb se comptent sur les doigts d\u2019une seule main. Au total, on d\u00e9nombre six nouveaux rentrants charg\u00e9s des secteurs n\u00e9vralgiques comme la sant\u00e9, l\u2019emploi, l\u2019habitat,\u00a0la jeunesse et sports, le tourisme, l\u2019\u00e9conomie sociale et l\u2019enseignement sup\u00e9rieur. C\u2019est dire l\u2019ampleur de la t\u00e2che qui attend les nouveaux Ministres.<\/p>\n<p class=\"c5\">Dans l\u2019ensemble, le temps dont dispose le gouvernement El Othmani bis est relativement court\u00a0: pas plus d\u2019une ann\u00e9e, sachant que l\u2019ann\u00e9e 2021 sera une ann\u00e9e \u00e9lectorale par excellence: le renouvellement des instances communales et r\u00e9gionales, les \u00e9lections professionnelles, le renouvellement du tiers de la Chambre des Conseillers et l\u2019\u00e9lection des nouveaux membres de la Chambre des Repr\u00e9sentants. Si le gouvernement n\u2019est pas impliqu\u00e9 dans son ensemble dans cette op\u00e9ration, avouons qu\u2019une bonne partie le sera. D\u2019ailleurs, tous les pays d\u00e9mocratiques connaissent ce ralentissement du rythme de travail durant la phase pr\u00e9\u00e9lectorale marqu\u00e9e g\u00e9n\u00e9ralement par des surench\u00e8res \u00e9lectorales et\u00a0 des mesures politiciennes \u00a0\u00e0 caract\u00e8re \u00e9lectoraliste.<\/p>\n<p class=\"c5\">En outre, le gouvernement, expos\u00e9 \u00e0 la pression populaire qui est loin de se rel\u00e2cher, sera accul\u00e9 \u00e0 parer au plus press\u00e9 et \u00e0 agir en \u00ab\u00a0pompier\u00a0\u00bbrenvoyant \u00e0 plus tard l\u2019une des t\u00e2ches fondamentales qui ont justifi\u00e9 le remaniement \u00e0 savoir le lancement de nouveaux projets structurants et la r\u00e9alisation des r\u00e9formes de structure dont le pays a grandement besoin pour le mettre sur le sentier vertueux de la croissance.<\/p>\n<p class=\"c5\">Aussi, l\u2019une des difficult\u00e9s que l\u2019actuel gouvernement aura \u00e0 affronter, et non des moindres, r\u00e9side justement dans l\u2019arbitrage entre l\u2019action court-termiste et la vision strat\u00e9gique \u00e0 moyen-long terme. A force de vouloir agir sur ces deux fronts \u00e0 la fois, il risquerait de rater le coche rendant ainsi inefficient le remaniement dont le co\u00fbt d\u2019opportunit\u00e9 est loin d\u2019\u00eatre n\u00e9gligeable. Et par-dessus tout, il n\u2019aura pas retrouv\u00e9 cette confiance populaire qui a tellement fait d\u00e9faut \u00e0 l\u2019ancienne \u00e9quipe.<\/p>\n<p class=\"c5\">D\u2019autant plus que les gu\u00e9guerres et les passes d\u2019armes entre les principaux partis de la coalition auxquelles on a assist\u00e9 par le pass\u00e9 ont repris de plus belle au lendemain de l\u2019ouverture de la session parlementaire. Ces dissensions risqueraient de s\u2019attiser d\u2019avantage au fur et \u00e0 mesure que l\u2019on s\u2019approche des \u00e9ch\u00e9ances \u00e9lectorales. Ce qui mettrait \u00e0 mal encore une fois l\u2019homog\u00e9n\u00e9it\u00e9 \u00e9ph\u00e9m\u00e8re et fragile \u00a0de ce \u00a0gouvernement.\u00a0 C\u2019est dire que nous sommes en face d\u2019une op\u00e9ration \u00e0 haut risque et aux r\u00e9sultats hypoth\u00e9tiques.<\/p>\n<p class=\"c5\">Pour l\u2019heure, contentons-nous d\u2019observer la nouvelle \u00e9quipe El Othmani sur le terrain en lui accordant le d\u00e9lai de gr\u00e2ce habituel des 100 jours. Pass\u00e9 ce d\u00e9lai, chacun sera en mesure de le juger sur pi\u00e8ce et en connaissance de cause. Il va sans dire que dans l\u2019int\u00e9r\u00eat de notre pays et pour le bien-\u00eatre de notre peuple, nous lui souhaitons le succ\u00e8s dans sa mission.<\/p>\n<p>Auteur: M&rsquo;hammed rahal<br \/>\n<a href=\"http:\/\/albayane.press.ma\/le-remaniement-a-enfin-eu-lieu-et-apres.html\">Cliquez ici pour lire l&rsquo;article depuis sa source.<\/a><\/p>\n","protected":false},"excerpt":{"rendered":"<p>Par\u00a0: Abdeslam Seddiki Apr\u00e8s plus de deux mois d\u2019attente et d\u2019attentisme, le remaniement minist\u00e9riel a finalement eu lieu et le \u00abnouveau\u00bb gouvernement, ramass\u00e9 et relook\u00e9, voit le jour. Comme le temps presse et les \u00e9ch\u00e9ances se rapprochent, il est rentr\u00e9 en fonction avant m\u00eame que la passation des pouvoirs n\u2019ait eu lieu. Ainsi, un Conseil [&hellip;]<\/p>\n","protected":false},"author":1760,"featured_media":0,"comment_status":"closed","ping_status":"closed","sticky":false,"template":"","format":"standard","meta":{"fifu_image_url":"","fifu_image_alt":"","footnotes":""},"categories":[73,54],"tags":[],"class_list":["post-64530","post","type-post","status-publish","format-standard","hentry","category-actualite","category-maroc"],"_links":{"self":[{"href":"https:\/\/linitiative.ca\/International\/wp-json\/wp\/v2\/posts\/64530","targetHints":{"allow":["GET"]}}],"collection":[{"href":"https:\/\/linitiative.ca\/International\/wp-json\/wp\/v2\/posts"}],"about":[{"href":"https:\/\/linitiative.ca\/International\/wp-json\/wp\/v2\/types\/post"}],"author":[{"embeddable":true,"href":"https:\/\/linitiative.ca\/International\/wp-json\/wp\/v2\/users\/1760"}],"replies":[{"embeddable":true,"href":"https:\/\/linitiative.ca\/International\/wp-json\/wp\/v2\/comments?post=64530"}],"version-history":[{"count":0,"href":"https:\/\/linitiative.ca\/International\/wp-json\/wp\/v2\/posts\/64530\/revisions"}],"wp:attachment":[{"href":"https:\/\/linitiative.ca\/International\/wp-json\/wp\/v2\/media?parent=64530"}],"wp:term":[{"taxonomy":"category","embeddable":true,"href":"https:\/\/linitiative.ca\/International\/wp-json\/wp\/v2\/categories?post=64530"},{"taxonomy":"post_tag","embeddable":true,"href":"https:\/\/linitiative.ca\/International\/wp-json\/wp\/v2\/tags?post=64530"}],"curies":[{"name":"wp","href":"https:\/\/api.w.org\/{rel}","templated":true}]}}