{"id":64533,"date":"2019-10-16T13:04:15","date_gmt":"2019-10-16T17:04:15","guid":{"rendered":"https:\/\/linitiative.ca\/International\/prix-katara-du-roman-arabe-trois-romanciers-algeriens-distingues\/"},"modified":"2019-10-16T13:04:15","modified_gmt":"2019-10-16T17:04:15","slug":"prix-katara-du-roman-arabe-trois-romanciers-algeriens-distingues","status":"publish","type":"post","link":"https:\/\/linitiative.ca\/International\/prix-katara-du-roman-arabe-trois-romanciers-algeriens-distingues\/","title":{"rendered":"Prix Katara du roman arabe : trois romanciers alg\u00e9riens distingu\u00e9s"},"content":{"rendered":"<div readability=\"38\">\n<p><strong>DOHA &#8211; Les romanciers alg\u00e9riens, Habib Sayah, Nasser Salmi et Mouna Serifak, ont d\u00e9croch\u00e9 le prix Katara du roman arabe dans son 5e \u00e9dition lors d&rsquo;une c\u00e9r\u00e9monie organis\u00e9e mardi \u00e0 Doha en pr\u00e9sence de plusieurs romanciers, critiques et acad\u00e9miciens arabes.<\/strong><\/p>\n<\/div>\n<div readability=\"67\">\n<p>Le romancier Habib Sayah a d\u00e9croch\u00e9 la prix Katara du roman arabe pour son roman \u00ab\u00a0Moi et Hayim\u00a0\u00bb (\u00e9ditions Mym\/2018) dans la cat\u00e9gorie \u00ab\u00a0roman arabes publi\u00e9s\u00a0\u00bb, tandis que Nasser Salmi a \u00e9t\u00e9 distingu\u00e9\u00a0 dans la cat\u00e9gorie \u00ab\u00a0romans arabes non publi\u00e9s\u00a0\u00bb pour son \u0153uvre \u00ab\u00a0Une tasse de caf\u00e9 et un croissant\u00a0\u00bb.<\/p>\n<p>Pour rappel, Nasser Salmi avait d\u00e9j\u00e0 d\u00e9croch\u00e9 ce prix en 2016 pour son roman\u00a0 \u00ab\u00a0Langues bleues\u00a0\u00bb. Ainsi, il devient le premier romancier \u00e0 remporter le prix \u00ab\u00a0Katara\u00a0\u00bb pour la deuxi\u00e8me fois.<\/p>\n<p>Pour sa part, la chercheure de l&rsquo;universit\u00e9 de S\u00e9tif, Mouna Serifak a remport\u00e9 le prix de la recherche et de la critique litt\u00e9raire pour son \u00e9tude sur la litt\u00e9rature syrienne.<\/p>\n<p>Cette session du prix Katara a vu la participation de 1850 candidats r\u00e9partis notamment sur trois axes: le roman arabe \u00e9dit\u00e9, le roman non \u00e9dit\u00e9 et les \u00e9tudes.<\/p>\n<p>Le prix \u00ab\u00a0Katara\u00a0\u00bb est devenu un carrefour culturel pour les hommes de lettres, les acad\u00e9miciens et les chercheurs arabes, a indiqu\u00e9 le directeur g\u00e9n\u00e9ral du prix Katara, Khaled Sliti.<\/p>\n<p>Et d&rsquo;ajouter, \u00ab\u00a0Katara\u00a0\u00bb a atteint ses objectifs dans le monde arabe. Il est au service de initiatives culturelles tant \u00e0 l&rsquo;\u00e9chelle arabe qu&rsquo;internationale.<\/p>\n<p>A rappeler que \u00ab\u00a0Katara\u00a0\u00bb est un prix annuel lanc\u00e9 en 2014 par la fondation culturelle \u00ab\u00a0Katara\u00a0\u00bb.<\/p>\n<p>Trois \u00e9crivains alg\u00e9riens ont \u00e9t\u00e9 distingu\u00e9s lors de l&rsquo;\u00e9dition 2017 \u00e0 savoir, Said Khatibi, Abdelouahab Aissaoui et Bachir Dif Allah.<\/p>\n<\/div>\n<p>Auteur:<br \/>\n<a href=\"http:\/\/www.aps.dz\/culture\/95746-prix-katara-du-roman-arabe-trois-romanciers-algeriens-distingues\">Cliquez ici pour lire l&rsquo;article depuis sa source.<\/a><\/p>\n","protected":false},"excerpt":{"rendered":"<p>DOHA &#8211; Les romanciers alg\u00e9riens, Habib Sayah, Nasser Salmi et Mouna Serifak, ont d\u00e9croch\u00e9 le prix Katara du roman arabe dans son 5e \u00e9dition lors d&rsquo;une c\u00e9r\u00e9monie organis\u00e9e mardi \u00e0 Doha en pr\u00e9sence de plusieurs romanciers, critiques et acad\u00e9miciens arabes. Le romancier Habib Sayah a d\u00e9croch\u00e9 la prix Katara du roman arabe pour son roman [&hellip;]<\/p>\n","protected":false},"author":1790,"featured_media":0,"comment_status":"closed","ping_status":"closed","sticky":false,"template":"","format":"standard","meta":{"fifu_image_url":"","fifu_image_alt":"","footnotes":""},"categories":[53,79],"tags":[],"class_list":["post-64533","post","type-post","status-publish","format-standard","hentry","category-algerie","category-culture"],"_links":{"self":[{"href":"https:\/\/linitiative.ca\/International\/wp-json\/wp\/v2\/posts\/64533","targetHints":{"allow":["GET"]}}],"collection":[{"href":"https:\/\/linitiative.ca\/International\/wp-json\/wp\/v2\/posts"}],"about":[{"href":"https:\/\/linitiative.ca\/International\/wp-json\/wp\/v2\/types\/post"}],"author":[{"embeddable":true,"href":"https:\/\/linitiative.ca\/International\/wp-json\/wp\/v2\/users\/1790"}],"replies":[{"embeddable":true,"href":"https:\/\/linitiative.ca\/International\/wp-json\/wp\/v2\/comments?post=64533"}],"version-history":[{"count":0,"href":"https:\/\/linitiative.ca\/International\/wp-json\/wp\/v2\/posts\/64533\/revisions"}],"wp:attachment":[{"href":"https:\/\/linitiative.ca\/International\/wp-json\/wp\/v2\/media?parent=64533"}],"wp:term":[{"taxonomy":"category","embeddable":true,"href":"https:\/\/linitiative.ca\/International\/wp-json\/wp\/v2\/categories?post=64533"},{"taxonomy":"post_tag","embeddable":true,"href":"https:\/\/linitiative.ca\/International\/wp-json\/wp\/v2\/tags?post=64533"}],"curies":[{"name":"wp","href":"https:\/\/api.w.org\/{rel}","templated":true}]}}