{"id":64535,"date":"2019-10-16T13:04:23","date_gmt":"2019-10-16T17:04:23","guid":{"rendered":"https:\/\/linitiative.ca\/International\/prix-katara-le-talent-algerien-brille-de-nouveau-dans-le-ciel-de-katar\/"},"modified":"2019-10-16T13:04:23","modified_gmt":"2019-10-16T17:04:23","slug":"prix-katara-le-talent-algerien-brille-de-nouveau-dans-le-ciel-de-katar","status":"publish","type":"post","link":"https:\/\/linitiative.ca\/International\/prix-katara-le-talent-algerien-brille-de-nouveau-dans-le-ciel-de-katar\/","title":{"rendered":"Prix Katara: le talent alg\u00e9rien brille de nouveau dans le ciel de Katar"},"content":{"rendered":"<div readability=\"37\">\n<p><strong>DOHA- La cr\u00e9ation litt\u00e9raire alg\u00e9rienne a brill\u00e9, mardi, sur le podium des laur\u00e9ats au titre de la 5e \u00e9dition du prix litt\u00e9raire \u00ab\u00a0Katara\u00a0\u00bb pour le roman arabe, \u00e0 travers la distinction de trois noms \u00e9mergents de la sc\u00e8ne culturelle alg\u00e9rienne.<\/strong><\/p>\n<\/div>\n<div readability=\"132.896559186\">\n<p>Habib Sayeh fut le premier romancier \u00e0 mont\u00e9 sur le podium dans la cat\u00e9gorie \u00ab\u00a0roman arabe publi\u00e9s\u00a0\u00bb, pour son nouveau roman \u00ab\u00a0Ana oua Ha\u00efem\u00a0\u00bb ( Moi et Ha\u00efem) de Mim \u00e9ditions (2018). Une grande joie s&rsquo;est saisie du romancier suite \u00e0 cette prouesse qui a illumin\u00e9 encore plus son parcours d\u00e9j\u00e0 bien riche.\u00a0<\/p>\n<p>\u00ab\u00a0Je suis submerg\u00e9 de joie pour cette cons\u00e9cration\u00a0\u00bb (&#8230;) \u00a0\u00bb je ne la per\u00e7ois pas comme un hommage qui m&rsquo;est rendu \u00e0 titre personnel mais un hommage au roman alg\u00e9rien et \u00e0 l&rsquo;effort de r\u00e9cit consenti par les romancier alg\u00e9riens\u00a0\u00bb, a-t-il d\u00e9clar\u00e9 \u00e0 l&rsquo;APS dans la foul\u00e9e.<\/p>\n<p>N\u00e9 \u00e0 Mascara (Alg\u00e9rie), le 24 avril 1954, Lahbib Sayeh est titulaire d&rsquo;un dipl\u00f4me universitaire sp\u00e9cialit\u00e9 Litt\u00e9rature et \u00e9tudes, ayant \u00e0 son actif, des romans tels que \u00a0\u00bb Zaman Annamroud\u00a0\u00bb (1985), \u00a0\u00bb Dhak el hanin (1997) et \u00ab\u00a0Colonel Zbarbar\u00a0\u00bb (2002).<\/p>\n<p>Le romancier alg\u00e9rien a \u00e9galement des nouvelles, \u00e0 l&rsquo;instar d&rsquo; El qarar (1979), ainsi que d&rsquo;autres contributions dans le domaine des m\u00e9dias.<\/p>\n<p>Parmi les laur\u00e9ats du prix dont la valeur s&rsquo;\u00e9l\u00e8ve \u00e0 60.000 dollars US, remis aux cinq premiers laur\u00e9ats et primant \u00e9galement la traduction vers l&rsquo;Anglais des romans laur\u00e9ats, figurent Habib Abdulrab Sarori du Y\u00e9men pour son roman \u00a0\u00bb R\u00e9v\u00e9lation\u00a0\u00bb et le romancier \u00e9rythr\u00e9en Haji Jaber pour son roman \u00a0\u00bb Mousse noire\u00a0\u00bb.<\/p>\n<p>Dans la cat\u00e9gorie des romans non publi\u00e9s, Nacer Salmi s&rsquo;est vu d\u00e9cern\u00e9 le prix pour son romain \u00a0\u00bb Une tasse de caf\u00e9 et un croissant\u00a0\u00bb, en sus de quatre autres romanciers dans la m\u00eame cat\u00e9gorie.<\/p>\n<p>Le romancier Nacer Salmi s`est d\u00e9j\u00e0 vu d\u00e9cern\u00e9, en 2016, le prix Katara du roman arabe \u00e0 Qatar, pour son \u0153uvre \u00ab\u00a0Les langues bleues\u00a0\u00bb.<\/p>\n<blockquote readability=\"11\">\n<p><strong>\u00a0\u00bb J&rsquo;ai remport\u00e9 le prix \u00e0 deux reprises, mais j&rsquo;ai \u00e9t\u00e9 priv\u00e9 du plaisir de monter sur le podium et d&rsquo;y recevoir le tout premier prix en raison du passeport, mais aujourd&rsquo;hui j&rsquo;ai pris ma revanche et je suis heureux, car\u00a0j&rsquo;y suis pour recevoir le prix\u00a0\u00bb, a-t-il dit \u00e0 l&rsquo;issue de la distinction.<\/strong><\/p>\n<\/blockquote>\n<p>Ce couronnement se veut une \u00a0\u00bb c\u00e9l\u00e9bration de la cr\u00e9ation alg\u00e9rienne\u00a0\u00bb, s&rsquo;est-il r\u00e9joui tout en affichant son v\u0153ux de voire se concr\u00e9tiser davantage de pr\u00e9sence et de prouesse dans de telles manifestations\u00a0\u00bb.<\/p>\n<hr\/>\n<p>Lire aussi:\u00a0\u00a0<a href=\"http:\/\/www.aps.dz\/culture\/95746-prix-katara-du-roman-arabe-trois-romanciers-algeriens-distingues\">Prix\u00a0<span class=\"highlight\">Katara<\/span>\u00a0du roman arabe : trois romanciers alg\u00e9riens distingu\u00e9s\u00a0<\/a><\/p>\n<hr\/>\n<p>N\u00e9 le 17 septembre 1968 dans la ville de Tighennif \u00e0 Mascara et titulaire de licence en Litt\u00e9rature arabe de l&rsquo;universit\u00e9 d&rsquo;Oran, Nacer Salim poss\u00e8de des contributions litt\u00e9raires dans le r\u00e9cit et le roman.\u00a0\u00a0<\/p>\n<p>Ont \u00e9t\u00e9 prim\u00e9s dans cette cat\u00e9gorie du roman, A\u00efcha Amour du Maroc pour son roman \u00ab\u00a0Hayat bil Abyadh wa el asssouad\u00a0\u00bb (Une vie en noir et blanc) et Abdelmoumene Abdelal d&rsquo;Egypte pour son roman \u00ab\u00a0Hadath ala abwab el mahroussa\u00a0\u00bb. Le montant du prix est de 30.000 dollars.<\/p>\n<p>L&rsquo;Alg\u00e9rie a \u00e9galement \u00e9t\u00e9 prim\u00e9e dans la cat\u00e9gorie de la recherche et de la critique du roman gr\u00e2ce \u00e0 la critique Mouna Serifak, une universitaire qui a travaill\u00e9 sur des \u0153uvres d&rsquo;hommes de lettres syriens.<\/p>\n<p>\u00a0\u00ab\u00a0Je suis tr\u00e8s contente de cette distinction que je consid\u00e8re comme un encouragement pour poursuivre mon travail\u00a0\u00bb, a-t-elle d\u00e9clar\u00e9.<\/p>\n<p>Enseignante de litt\u00e9rature et de langues \u00e0 l&rsquo;universit\u00e9 Lamine Debaghine de S\u00e9tif, Mouna serifak compte parmi ses travaux \u00ab\u00a0Le roman alg\u00e9rien d&rsquo;expression fran\u00e7aise, entre changement social et construction de la conscience\u00a0\u00bb.<\/p>\n<p>La c\u00e9r\u00e9monie de cl\u00f4ture du prix Katara du roman arabe (13-15 octobre), qui a vu la participation de 1850 romanciers, a \u00e9t\u00e9 marqu\u00e9e par la remise des prix aux laur\u00e9ats des cat\u00e9gories \u00ab\u00a0le roman jeunesse\u00a0\u00bb et \u00ab\u00a0le roman qatari non publi\u00e9\u00a0\u00bb.<\/p>\n<p>Entre autres activit\u00e9s culturelles et artistiques ayant marqu\u00e9 cette \u00e9dition, une conf\u00e9rence sur l&rsquo;\u00e9crivain kowe\u00eftien, Isma\u00efl Fahd Isma\u00efl, pionnier du roman du Golfe.<\/p>\n<blockquote readability=\"13\">\n<p><strong>Au deuxi\u00e8me jour de cette \u00e9dition, une conf\u00e9rence sur \u00ab\u00a0l&rsquo;ing\u00e9nierie culturelle et le roman\u00a0\u00bba \u00e9t\u00e9 anim\u00e9e par Hana El Baweb. Sont intervenues lors de cette rencontre, Zouhour Kiram, romanci\u00e8re marocaine et Asma Kouar, auteure et \u00e9ditrice alg\u00e9rienne qui a pr\u00e9sent\u00e9 une feuille\u00a0 sur \u00ab\u00a0l&rsquo;ing\u00e9nierie culturelle dans le monde arabe\u00a0\u00bb au nom du Professeur Khaled Abderrahim, superviseur du prix Katara du roman arabe.<\/strong><\/p>\n<\/blockquote>\n<p>Le prix Katara du roman arabe est un prix annuel lanc\u00e9 en 2014 par la fondation culturelle \u00ab\u00a0Katara\u00a0\u00bb. Trois romanciers alg\u00e9riens avaient d\u00e9croch\u00e9 le prix Katara du roman arabe, dans son \u00e9dition de 2017.\u00a0<\/p>\n<p>Said Khatibi avait d\u00e9croch\u00e9 le prix dans la cat\u00e9gorie \u00ab\u00a0romans arabes publi\u00e9s\u00a0\u00bb. Abdelwahab Aissaoui avait \u00e9t\u00e9 prim\u00e9 dans la cat\u00e9gorie \u00ab\u00a0romans arabes non publi\u00e9s et Bachir Dhifallah dans la cat\u00e9gorie \u00ab\u00a0Etudes du roman arabe\u00a0\u00bb.<\/p>\n<\/div>\n<p>Auteur:<br \/>\n<a href=\"http:\/\/www.aps.dz\/culture\/95758-prix-katara-le-talent-algerien-brille-de-nouveau-dans-le-ciel-de-katar\">Cliquez ici pour lire l&rsquo;article depuis sa source.<\/a><\/p>\n","protected":false},"excerpt":{"rendered":"<p>DOHA- La cr\u00e9ation litt\u00e9raire alg\u00e9rienne a brill\u00e9, mardi, sur le podium des laur\u00e9ats au titre de la 5e \u00e9dition du prix litt\u00e9raire \u00ab\u00a0Katara\u00a0\u00bb pour le roman arabe, \u00e0 travers la distinction de trois noms \u00e9mergents de la sc\u00e8ne culturelle alg\u00e9rienne. Habib Sayeh fut le premier romancier \u00e0 mont\u00e9 sur le podium dans la cat\u00e9gorie \u00ab\u00a0roman [&hellip;]<\/p>\n","protected":false},"author":1790,"featured_media":0,"comment_status":"closed","ping_status":"closed","sticky":false,"template":"","format":"standard","meta":{"fifu_image_url":"","fifu_image_alt":"","footnotes":""},"categories":[53,79],"tags":[],"class_list":["post-64535","post","type-post","status-publish","format-standard","hentry","category-algerie","category-culture"],"_links":{"self":[{"href":"https:\/\/linitiative.ca\/International\/wp-json\/wp\/v2\/posts\/64535","targetHints":{"allow":["GET"]}}],"collection":[{"href":"https:\/\/linitiative.ca\/International\/wp-json\/wp\/v2\/posts"}],"about":[{"href":"https:\/\/linitiative.ca\/International\/wp-json\/wp\/v2\/types\/post"}],"author":[{"embeddable":true,"href":"https:\/\/linitiative.ca\/International\/wp-json\/wp\/v2\/users\/1790"}],"replies":[{"embeddable":true,"href":"https:\/\/linitiative.ca\/International\/wp-json\/wp\/v2\/comments?post=64535"}],"version-history":[{"count":0,"href":"https:\/\/linitiative.ca\/International\/wp-json\/wp\/v2\/posts\/64535\/revisions"}],"wp:attachment":[{"href":"https:\/\/linitiative.ca\/International\/wp-json\/wp\/v2\/media?parent=64535"}],"wp:term":[{"taxonomy":"category","embeddable":true,"href":"https:\/\/linitiative.ca\/International\/wp-json\/wp\/v2\/categories?post=64535"},{"taxonomy":"post_tag","embeddable":true,"href":"https:\/\/linitiative.ca\/International\/wp-json\/wp\/v2\/tags?post=64535"}],"curies":[{"name":"wp","href":"https:\/\/api.w.org\/{rel}","templated":true}]}}