{"id":64536,"date":"2019-10-16T13:04:27","date_gmt":"2019-10-16T17:04:27","guid":{"rendered":"https:\/\/linitiative.ca\/International\/blida-concours-de-la-chanson-patriotique-de-la-wilaya-samedi\/"},"modified":"2019-10-16T13:04:27","modified_gmt":"2019-10-16T17:04:27","slug":"blida-concours-de-la-chanson-patriotique-de-la-wilaya-samedi","status":"publish","type":"post","link":"https:\/\/linitiative.ca\/International\/blida-concours-de-la-chanson-patriotique-de-la-wilaya-samedi\/","title":{"rendered":"Blida: concours de la chanson patriotique de la wilaya samedi"},"content":{"rendered":"<div readability=\"40\">\n<p><strong>BLIDA &#8211; Un Concours de la chanson patriotique sera abrit\u00e9 samedi prochain par la maison de l\u2019artiste de Blida, en vue de la s\u00e9lection de la meilleure performance apte \u00e0 prendre part aux festivit\u00e9s comm\u00e9moratives de l\u2019anniversaire du d\u00e9clenchement de la guerre de lib\u00e9ration nationale, le 1 novembre 1954, a-t-on appris, mercredi, aupr\u00e8s des organisateurs.<\/strong><\/p>\n<\/div>\n<div readability=\"90\">\n<p>Selon Ahmed Slimane, pr\u00e9sident de l\u2019association culturelle \u00ab\u00a0Rihab\u00a0\u00bb, initiatrice de ce concours, en collaboration avec les directions de la jeunesse et des sports et de la culture de la wilaya, cet \u00e9v\u00e9nement artistique a \u00e9t\u00e9 dict\u00e9 par \u00ab\u00a0notre volont\u00e9 d\u2019aider \u00e0 l\u2019\u00e9mergence de jeunes talents artistiques en herbe, et de prendre part \u00e0 la c\u00e9l\u00e9bration des f\u00eates nationales\u00a0\u00bb, a-t-il indiqu\u00e9 \u00e0 l\u2019APS.<\/p>\n<p>Le concours dont les inscriptions sont ouvertes jusqu&rsquo;au 19 octobre courant (jour des premi\u00e8res \u00e9liminatoires), a vu l\u2019inscription, \u00e0 ce jour, d\u2019une cinquantaine de jeunes (gar\u00e7ons et filles) \u00e2g\u00e9s de 16 \u00e0 35 ans, a-t-il ajout\u00e9.<\/p>\n<p>Il a signal\u00e9 le d\u00e9roulement des \u00e9liminatoires finales le 25 de ce mois, en vue de la s\u00e9lection de la meilleure voix et performance, qui sera qualifi\u00e9 \u00e0 prendre part aux festivit\u00e9s officielles de c\u00e9l\u00e9bration du 1 Novembre pr\u00e9vue le 31 octobre \u00e0 la salle des conf\u00e9rences de la wilaya, a-t-on inform\u00e9 de m\u00eame source.<\/p>\n<p>\u00ab\u00a0Ce concours se veut une opportunit\u00e9 pour l\u2019encouragement et la d\u00e9couverte de jeunes talents\u00a0\u00bb, a soulign\u00e9, par ailleurs le directeur de la culture de la wilaya, Lhadj Meshoub, assurant que le laur\u00e9at de ce prix \u00ab\u00a0b\u00e9n\u00e9ficiera d\u2019un soutien de la part du minist\u00e8re de tutelle et de celui de la jeunesse et des sports, tout en ouvrant droit \u00e0 des participation \u00e0 des concours nationaux du domaine\u00a0\u00bb,a-t-il pr\u00e9cis\u00e9.<\/p>\n<p>Toujours au titre des festivit\u00e9s de c\u00e9l\u00e9bration du 1e Novembre, le m\u00eame responsable a fait part de la programmation, par ses services, de deux importants \u00e9v\u00e9nements, \u00e0 savoir \u00ab\u00a0Voix de Novembre\u00a0\u00bb et \u00ab\u00a0Journ\u00e9es nationales de la po\u00e9sie dans la valorisation de la guerre de lib\u00e9ration\u00a0\u00bb.<\/p>\n<p>Selon M. Meshoub, le premier \u00e9v\u00e9nement est repr\u00e9sent\u00e9 par une op\u00e9rette intitul\u00e9e \u00ab\u00a0Veille\u00a0\u00bb, qui sera interpr\u00e9t\u00e9e par un groupe de jeunes amateurs, le 31 octobre \u00e0 Boufarik, outre des d\u00e9clamations po\u00e9tiques.<\/p>\n<p>La 2eme manifestation sera abrit\u00e9e par le centre culturel \u00ab\u00a0Mohamed Khedioui\u00a0\u00bb les 30 et 31 du mois en cours, avec la participation de nombreux po\u00e8tes locaux, est-il signal\u00e9, par ailleurs.<\/p>\n<\/div>\n<p>Auteur:<br \/>\n<a href=\"http:\/\/www.aps.dz\/culture\/95763-blida-concours-de-la-chanson-patriotique-de-la-wilaya-samedi\">Cliquez ici pour lire l&rsquo;article depuis sa source.<\/a><\/p>\n","protected":false},"excerpt":{"rendered":"<p>BLIDA &#8211; Un Concours de la chanson patriotique sera abrit\u00e9 samedi prochain par la maison de l\u2019artiste de Blida, en vue de la s\u00e9lection de la meilleure performance apte \u00e0 prendre part aux festivit\u00e9s comm\u00e9moratives de l\u2019anniversaire du d\u00e9clenchement de la guerre de lib\u00e9ration nationale, le 1 novembre 1954, a-t-on appris, mercredi, aupr\u00e8s des organisateurs. [&hellip;]<\/p>\n","protected":false},"author":1790,"featured_media":0,"comment_status":"closed","ping_status":"closed","sticky":false,"template":"","format":"standard","meta":{"fifu_image_url":"","fifu_image_alt":"","footnotes":""},"categories":[53,79],"tags":[],"class_list":["post-64536","post","type-post","status-publish","format-standard","hentry","category-algerie","category-culture"],"_links":{"self":[{"href":"https:\/\/linitiative.ca\/International\/wp-json\/wp\/v2\/posts\/64536","targetHints":{"allow":["GET"]}}],"collection":[{"href":"https:\/\/linitiative.ca\/International\/wp-json\/wp\/v2\/posts"}],"about":[{"href":"https:\/\/linitiative.ca\/International\/wp-json\/wp\/v2\/types\/post"}],"author":[{"embeddable":true,"href":"https:\/\/linitiative.ca\/International\/wp-json\/wp\/v2\/users\/1790"}],"replies":[{"embeddable":true,"href":"https:\/\/linitiative.ca\/International\/wp-json\/wp\/v2\/comments?post=64536"}],"version-history":[{"count":0,"href":"https:\/\/linitiative.ca\/International\/wp-json\/wp\/v2\/posts\/64536\/revisions"}],"wp:attachment":[{"href":"https:\/\/linitiative.ca\/International\/wp-json\/wp\/v2\/media?parent=64536"}],"wp:term":[{"taxonomy":"category","embeddable":true,"href":"https:\/\/linitiative.ca\/International\/wp-json\/wp\/v2\/categories?post=64536"},{"taxonomy":"post_tag","embeddable":true,"href":"https:\/\/linitiative.ca\/International\/wp-json\/wp\/v2\/tags?post=64536"}],"curies":[{"name":"wp","href":"https:\/\/api.w.org\/{rel}","templated":true}]}}