{"id":64543,"date":"2019-10-16T06:18:54","date_gmt":"2019-10-16T10:18:54","guid":{"rendered":"https:\/\/linitiative.ca\/International\/marrakech-casa-le-trafic-sera-retabli-mercredi-a-midi\/"},"modified":"2019-10-16T06:18:54","modified_gmt":"2019-10-16T10:18:54","slug":"marrakech-casa-le-trafic-sera-retabli-mercredi-a-midi","status":"publish","type":"post","link":"https:\/\/linitiative.ca\/International\/marrakech-casa-le-trafic-sera-retabli-mercredi-a-midi\/","title":{"rendered":"Marrakech-Casa: Le trafic sera r\u00e9tabli mercredi \u00e0 midi"},"content":{"rendered":"<div class=\"single-featured\"><img alt=\"\" data-src=\"http:\/\/www.mapmarrakech.ma\/map\/uploads\/2019\/10\/trainoncf-copier.jpg\"\/><\/div>\n<div class=\"single-post-excerpt post-excerpt-bc\" readability=\"33\">\n<p>Rabat \u2013 L\u2019Office national des Chemins de fer (ONCF) a annonc\u00e9 que le trafic sur l\u2019axe Marrakech-Casablanca sera r\u00e9tabli mercredi \u00e0 midi.<\/p>\n<\/div>\n<div class=\"entry-content clearfix single-post-content\" readability=\"52\">\n<p>Dans un communiqu\u00e9, l\u2019ONCF indique que les travaux pour la reprise du trafic sur l\u2019axe Marrakech-Casablanca ont dur\u00e9 toute la nuit et continueront jusqu\u2019\u00e0 12h00, heure de r\u00e9tablissement du trafic.<\/p>\n<p>L\u2019Office rappelle qu\u2019un service autocar est mis en place, depuis mardi, pour assurer les relations entre Casablanca et El Jadida, Settat et Marrakech.<\/p>\n<p>Il invite ses clients \u00e0 contacter le centre relation clients au 2255 et \u00e0 se rapprocher aupr\u00e8s des gares pour s\u2019informer des horaires des trains, et pr\u00e9sente de nouveau ses excuses pour les d\u00e9sagr\u00e9ments subis.<\/p>\n<p>\u00c0 rappeler qu\u2019un train reliant Marrakech \u00e0 Casablanca \u00e9tait sorti de ses rails mardi vers 12h20 pr\u00e8s de Bouskoura, sans faire de bless\u00e9s. L\u2019incident a eu lieu au droit d\u2019une zone de travaux externes relatifs \u00e0 la travers\u00e9e d\u2019un collecteur des eaux us\u00e9es sous la voie ferr\u00e9e.<\/p>\n<\/div>\n<p>Auteur: Meriem IGASS<br \/>\n<a href=\"http:\/\/www.mapmarrakech.ma\/fr\/marrakech-casa-le-trafic-sera-retabli-mercredi-a-midi\/\">Cliquez ici pour lire l&rsquo;article depuis sa source.<\/a><\/p>\n","protected":false},"excerpt":{"rendered":"<p>Rabat \u2013 L\u2019Office national des Chemins de fer (ONCF) a annonc\u00e9 que le trafic sur l\u2019axe Marrakech-Casablanca sera r\u00e9tabli mercredi \u00e0 midi. Dans un communiqu\u00e9, l\u2019ONCF indique que les travaux pour la reprise du trafic sur l\u2019axe Marrakech-Casablanca ont dur\u00e9 toute la nuit et continueront jusqu\u2019\u00e0 12h00, heure de r\u00e9tablissement du trafic. L\u2019Office rappelle qu\u2019un [&hellip;]<\/p>\n","protected":false},"author":1788,"featured_media":64544,"comment_status":"closed","ping_status":"closed","sticky":false,"template":"","format":"standard","meta":{"fifu_image_url":"","fifu_image_alt":"","footnotes":""},"categories":[54,76],"tags":[],"class_list":["post-64543","post","type-post","status-publish","format-standard","has-post-thumbnail","hentry","category-maroc","category-regions"],"_links":{"self":[{"href":"https:\/\/linitiative.ca\/International\/wp-json\/wp\/v2\/posts\/64543","targetHints":{"allow":["GET"]}}],"collection":[{"href":"https:\/\/linitiative.ca\/International\/wp-json\/wp\/v2\/posts"}],"about":[{"href":"https:\/\/linitiative.ca\/International\/wp-json\/wp\/v2\/types\/post"}],"author":[{"embeddable":true,"href":"https:\/\/linitiative.ca\/International\/wp-json\/wp\/v2\/users\/1788"}],"replies":[{"embeddable":true,"href":"https:\/\/linitiative.ca\/International\/wp-json\/wp\/v2\/comments?post=64543"}],"version-history":[{"count":0,"href":"https:\/\/linitiative.ca\/International\/wp-json\/wp\/v2\/posts\/64543\/revisions"}],"wp:featuredmedia":[{"embeddable":true,"href":"https:\/\/linitiative.ca\/International\/wp-json\/"}],"wp:attachment":[{"href":"https:\/\/linitiative.ca\/International\/wp-json\/wp\/v2\/media?parent=64543"}],"wp:term":[{"taxonomy":"category","embeddable":true,"href":"https:\/\/linitiative.ca\/International\/wp-json\/wp\/v2\/categories?post=64543"},{"taxonomy":"post_tag","embeddable":true,"href":"https:\/\/linitiative.ca\/International\/wp-json\/wp\/v2\/tags?post=64543"}],"curies":[{"name":"wp","href":"https:\/\/api.w.org\/{rel}","templated":true}]}}