{"id":64545,"date":"2019-10-16T08:33:31","date_gmt":"2019-10-16T12:33:31","guid":{"rendered":"https:\/\/linitiative.ca\/International\/oncf-reprise-du-trafic-entre-casablanca-et-marrakech\/"},"modified":"2019-10-16T08:33:31","modified_gmt":"2019-10-16T12:33:31","slug":"oncf-reprise-du-trafic-entre-casablanca-et-marrakech","status":"publish","type":"post","link":"https:\/\/linitiative.ca\/International\/oncf-reprise-du-trafic-entre-casablanca-et-marrakech\/","title":{"rendered":"ONCF: Reprise du trafic entre Casablanca et Marrakech"},"content":{"rendered":"<div class=\"single-featured\"><img alt=\"\" data-src=\"http:\/\/www.mapmarrakech.ma\/map\/uploads\/2019\/10\/train1-copier.jpg\"\/><\/div>\n<div class=\"single-post-excerpt post-excerpt-bc\" readability=\"35\">\n<p>Rabat \u2013 L\u2019Office national des Chemins de fer (ONCF) a annonc\u00e9 que, comme pr\u00e9vu, la circulation normale des trains sur l\u2019axe Casablanca \u2013 Marrakech a repris mercredi \u00e0 12h00.<\/p>\n<\/div>\n<div class=\"entry-content clearfix single-post-content\" readability=\"37\">\n<p>L\u2019ONCF remercie son aimable client\u00e8le pour sa compr\u00e9hension et l\u2019invite \u00e0 s\u2019informer sur les horaires des trains aupr\u00e8s des gares et \u00e0 travers ses pages officielles sur les r\u00e9seaux sociaux, son site web et le Centre de Relations Clients au num\u00e9ro 22.55, indique un communiqu\u00e9 de l\u2019Office.<\/p>\n<\/div>\n<p>Auteur: Meriem IGASS<br \/>\n<a href=\"http:\/\/www.mapmarrakech.ma\/fr\/oncf-reprise-du-trafic-entre-casablanca-et-marrakech\/\">Cliquez ici pour lire l&rsquo;article depuis sa source.<\/a><\/p>\n","protected":false},"excerpt":{"rendered":"<p>Rabat \u2013 L\u2019Office national des Chemins de fer (ONCF) a annonc\u00e9 que, comme pr\u00e9vu, la circulation normale des trains sur l\u2019axe Casablanca \u2013 Marrakech a repris mercredi \u00e0 12h00. L\u2019ONCF remercie son aimable client\u00e8le pour sa compr\u00e9hension et l\u2019invite \u00e0 s\u2019informer sur les horaires des trains aupr\u00e8s des gares et \u00e0 travers ses pages officielles [&hellip;]<\/p>\n","protected":false},"author":1788,"featured_media":64546,"comment_status":"closed","ping_status":"closed","sticky":false,"template":"","format":"standard","meta":{"fifu_image_url":"","fifu_image_alt":"","footnotes":""},"categories":[54,76],"tags":[],"class_list":["post-64545","post","type-post","status-publish","format-standard","has-post-thumbnail","hentry","category-maroc","category-regions"],"_links":{"self":[{"href":"https:\/\/linitiative.ca\/International\/wp-json\/wp\/v2\/posts\/64545","targetHints":{"allow":["GET"]}}],"collection":[{"href":"https:\/\/linitiative.ca\/International\/wp-json\/wp\/v2\/posts"}],"about":[{"href":"https:\/\/linitiative.ca\/International\/wp-json\/wp\/v2\/types\/post"}],"author":[{"embeddable":true,"href":"https:\/\/linitiative.ca\/International\/wp-json\/wp\/v2\/users\/1788"}],"replies":[{"embeddable":true,"href":"https:\/\/linitiative.ca\/International\/wp-json\/wp\/v2\/comments?post=64545"}],"version-history":[{"count":0,"href":"https:\/\/linitiative.ca\/International\/wp-json\/wp\/v2\/posts\/64545\/revisions"}],"wp:featuredmedia":[{"embeddable":true,"href":"https:\/\/linitiative.ca\/International\/wp-json\/"}],"wp:attachment":[{"href":"https:\/\/linitiative.ca\/International\/wp-json\/wp\/v2\/media?parent=64545"}],"wp:term":[{"taxonomy":"category","embeddable":true,"href":"https:\/\/linitiative.ca\/International\/wp-json\/wp\/v2\/categories?post=64545"},{"taxonomy":"post_tag","embeddable":true,"href":"https:\/\/linitiative.ca\/International\/wp-json\/wp\/v2\/tags?post=64545"}],"curies":[{"name":"wp","href":"https:\/\/api.w.org\/{rel}","templated":true}]}}