{"id":64547,"date":"2019-10-16T12:27:17","date_gmt":"2019-10-16T16:27:17","guid":{"rendered":"https:\/\/linitiative.ca\/International\/tourisme-les-francais-en-tete-des-arrivees-a-fin-aout-2019\/"},"modified":"2019-10-16T12:27:17","modified_gmt":"2019-10-16T16:27:17","slug":"tourisme-les-francais-en-tete-des-arrivees-a-fin-aout-2019","status":"publish","type":"post","link":"https:\/\/linitiative.ca\/International\/tourisme-les-francais-en-tete-des-arrivees-a-fin-aout-2019\/","title":{"rendered":"Tourisme: Les Fran\u00e7ais en t\u00eate des arriv\u00e9es \u00e0 fin ao\u00fbt 2019"},"content":{"rendered":"<div readability=\"33\">\n<p>Marrakech \u2013 Les touristes fran\u00e7ais arrivent en t\u00eate des arriv\u00e9es et des nuit\u00e9es dans les \u00e9tablissements d\u2019h\u00e9bergement touristique class\u00e9s (EHTC) de Marrakech \u00e0 fin ao\u00fbt dernier.<\/p>\n<\/div>\n<div readability=\"85\">\n<p>Durant la m\u00eame p\u00e9riode, ils \u00e9taient 354.333 touristes fran\u00e7ais \u00e0 visiter la cit\u00e9 ocre, soit une baisse de 2% comparativement avec la m\u00eame p\u00e9riode de l\u2019ann\u00e9e pr\u00e9c\u00e9dente (361.238 arriv\u00e9es), selon les donn\u00e9es du Conseil r\u00e9gional du tourisme (CRT) de Marrakech.<\/p>\n<p>Les touristes britanniques viennent en deuxi\u00e8me position en terme d\u2019arriv\u00e9es avec 137.745 (+17%), suivis des Espagnols avec 75.640 (+14%) et des Allemands avec 74.140 (-13%). Le nombre des arriv\u00e9es touristiques des Hollandais a enregistr\u00e9 la plus forte hausse avec 33%.<\/p>\n<p>Concernant les nuit\u00e9es durant la p\u00e9riode janvier-ao\u00fbt, les Fran\u00e7ais arrivent aussi en t\u00eate avec 1.481.277 (-2%), suivis des Britanniques avec 623.560 (+10%), des Allemands avec 235.210 (-9%) et des Espagnols avec 207.442 (+15%).<\/p>\n<p>Le march\u00e9 hollandais a enregistr\u00e9 la plus forte hausse dans les nuit\u00e9es avec 25%, suivi du march\u00e9 italien avec 23%.<\/p>\n<p>Le taux d\u2019occupation durant la m\u00eame p\u00e9riode a \u00e9t\u00e9 de 64%, soit une hausse par rapport \u00e0 la m\u00eame p\u00e9riode de l\u2019ann\u00e9e pr\u00e9c\u00e9dente (59%) alors que la dur\u00e9e moyenne de s\u00e9jour a \u00e9t\u00e9 de 03 nuits, soit autant que durant la m\u00eame p\u00e9riode de l\u2019ann\u00e9e derni\u00e8re.<\/p>\n<p>Concernant le mois d\u2019ao\u00fbt, les Fran\u00e7ais arrivent \u00e9galement \u00e0 la t\u00eate des arriv\u00e9es avec 48.945 (-11%), suivis des Britanniques avec 16.752 (+12%), et les Espagnoles avec 9.730 (+8%). Le march\u00e9 hollandais a enregistr\u00e9 la plus forte hausse avec 23%.<\/p>\n<p>S\u2019agissant des nuit\u00e9es durant le mois d\u2019ao\u00fbt, les Fran\u00e7ais arrivent en t\u00eate avec 242.785 (-7%), suivis des Britanniques avec 95.170 (+12%) et les Espagnols avec 28.815 (+7%).<\/p>\n<p>Le taux d\u2019occupation durant le mois d\u2019ao\u00fbt dernier a \u00e9t\u00e9 de 74%, soit une hausse par rapport \u00e0 la m\u00eame p\u00e9riode de l\u2019ann\u00e9e pr\u00e9c\u00e9dente (70%) alors que la dur\u00e9e moyenne de s\u00e9jour a \u00e9t\u00e9 de 04 nuits, soit autant que durant la m\u00eame p\u00e9riode de l\u2019ann\u00e9e derni\u00e8re.<\/p>\n<p>A rappeler que le nombre de nuit\u00e9es dans les Etablissements d\u2019H\u00e9bergement Touristique Class\u00e9s (EHTC) de Marrakech a enregistr\u00e9 durant la p\u00e9riode janvier-ao\u00fbt de l\u2019ann\u00e9e en cours, une hausse de 8% par rapport \u00e0 la m\u00eame p\u00e9riode de 2018.<\/p>\n<p>Les nuit\u00e9es dans les EHTC de Marrakech ont totalis\u00e9 quelque 5.561.491 durant la m\u00eame p\u00e9riode contre 5.167.810 durant la p\u00e9riode janvier-ao\u00fbt de l\u2019ann\u00e9e pr\u00e9c\u00e9dente.<\/p>\n<\/div>\n<p>Auteur: Meriem IGASS<br \/>\n<a href=\"http:\/\/www.mapmarrakech.ma\/fr\/tourisme-les-francais-en-tete-des-arrivees-a-fin-aout-2019\/\">Cliquez ici pour lire l&rsquo;article depuis sa source.<\/a><\/p>\n","protected":false},"excerpt":{"rendered":"<p>Marrakech \u2013 Les touristes fran\u00e7ais arrivent en t\u00eate des arriv\u00e9es et des nuit\u00e9es dans les \u00e9tablissements d\u2019h\u00e9bergement touristique class\u00e9s (EHTC) de Marrakech \u00e0 fin ao\u00fbt dernier. Durant la m\u00eame p\u00e9riode, ils \u00e9taient 354.333 touristes fran\u00e7ais \u00e0 visiter la cit\u00e9 ocre, soit une baisse de 2% comparativement avec la m\u00eame p\u00e9riode de l\u2019ann\u00e9e pr\u00e9c\u00e9dente (361.238 arriv\u00e9es), [&hellip;]<\/p>\n","protected":false},"author":1788,"featured_media":0,"comment_status":"closed","ping_status":"closed","sticky":false,"template":"","format":"standard","meta":{"fifu_image_url":"","fifu_image_alt":"","footnotes":""},"categories":[54,76],"tags":[],"class_list":["post-64547","post","type-post","status-publish","format-standard","hentry","category-maroc","category-regions"],"_links":{"self":[{"href":"https:\/\/linitiative.ca\/International\/wp-json\/wp\/v2\/posts\/64547","targetHints":{"allow":["GET"]}}],"collection":[{"href":"https:\/\/linitiative.ca\/International\/wp-json\/wp\/v2\/posts"}],"about":[{"href":"https:\/\/linitiative.ca\/International\/wp-json\/wp\/v2\/types\/post"}],"author":[{"embeddable":true,"href":"https:\/\/linitiative.ca\/International\/wp-json\/wp\/v2\/users\/1788"}],"replies":[{"embeddable":true,"href":"https:\/\/linitiative.ca\/International\/wp-json\/wp\/v2\/comments?post=64547"}],"version-history":[{"count":0,"href":"https:\/\/linitiative.ca\/International\/wp-json\/wp\/v2\/posts\/64547\/revisions"}],"wp:attachment":[{"href":"https:\/\/linitiative.ca\/International\/wp-json\/wp\/v2\/media?parent=64547"}],"wp:term":[{"taxonomy":"category","embeddable":true,"href":"https:\/\/linitiative.ca\/International\/wp-json\/wp\/v2\/categories?post=64547"},{"taxonomy":"post_tag","embeddable":true,"href":"https:\/\/linitiative.ca\/International\/wp-json\/wp\/v2\/tags?post=64547"}],"curies":[{"name":"wp","href":"https:\/\/api.w.org\/{rel}","templated":true}]}}