{"id":64550,"date":"2019-10-16T12:28:19","date_gmt":"2019-10-16T16:28:19","guid":{"rendered":"https:\/\/linitiative.ca\/International\/ecole-nationale-superieure-des-douanes-doran-sortie-de-la-3e-promotion-dofficiers-de-brigades\/"},"modified":"2019-10-16T12:28:19","modified_gmt":"2019-10-16T16:28:19","slug":"ecole-nationale-superieure-des-douanes-doran-sortie-de-la-3e-promotion-dofficiers-de-brigades","status":"publish","type":"post","link":"https:\/\/linitiative.ca\/International\/ecole-nationale-superieure-des-douanes-doran-sortie-de-la-3e-promotion-dofficiers-de-brigades\/","title":{"rendered":"Ecole nationale sup\u00e9rieure des Douanes d&rsquo;Oran: sortie de la 3e promotion d&rsquo;officiers de brigades"},"content":{"rendered":"<div readability=\"36\">\n<p><strong>ORAN &#8211; L&rsquo;Ecole nationale sup\u00e9rieure des Douanes d&rsquo;Oran a organis\u00e9 mercredi une c\u00e9r\u00e9monie de sortie de la 3\u00e8me promotion d&rsquo;officiers de brigades, pr\u00e9sid\u00e9e par le directeur g\u00e9n\u00e9ral des Douanes, Mohammed Ouaret.<\/strong><\/p>\n<\/div>\n<div readability=\"87\">\n<p>Un effectif de 81 officiers compose la nouvelle promotion baptis\u00e9e du nom de feu Haoua Abdelkader, victime du devoir dont le parcours professionnel a \u00e9t\u00e9 \u00e9voqu\u00e9 \u00e0 cette occasion.<\/p>\n<p>La dimension qualitative de la formation dispens\u00e9e par l&rsquo;Ecole des Douanes d&rsquo;Oran a \u00e9t\u00e9 mise en relief par le directeur de l&rsquo;\u00e9tablissement, l&rsquo;inspecteur divisionnaire Zergua Ahmed.<\/p>\n<p>Dans son allocution de bienvenue, le responsable a mis l&rsquo;accent sur le caract\u00e8re pluridisciplinaire des cursus, rappelant que 14 promotions de douaniers de diff\u00e9rentes sp\u00e9cialit\u00e9s ont \u00e9t\u00e9 form\u00e9es depuis l&rsquo;ouverture des portes de l&rsquo;Ecole d&rsquo;Oran en d\u00e9cembre 2003.<\/p>\n<p>Les nouvelles technologies de l&rsquo;information et de la communication sont au c\u0153ur des programmes de formation, donnant ainsi toute son efficience \u00e0 la mission des futures comp\u00e9tences humaines, a-t-il soulign\u00e9.<\/p>\n<p>L&rsquo;inspecteur divisionnaire a \u00e9galement annonc\u00e9 que son \u00e9tablissement aspire \u00e0 \u00eatre agr\u00e9\u00e9 par l&rsquo;Organisation mondiale des Douanes (OMD), signalant que le dossier aff\u00e9rent est en cours d&rsquo;\u00e9laboration.<\/p>\n<p>Dans une d\u00e9claration \u00e0 la presse \u00e0 l&rsquo;issue de la c\u00e9r\u00e9monie, le DG des Douanes a soulign\u00e9 que \u00ab\u00a0la nouvelle promotion d&rsquo;officiers contribuera \u00e0 la lutte contre la criminalit\u00e9 douani\u00e8re sous toutes ses formes\u00a0\u00bb.<\/p>\n<p>M. Ouaret a aussi mis l&rsquo;accent sur la mission de son corps, \u00e9voquant notamment \u00ab\u00a0la protection et la promotion de l&rsquo;\u00e9conomie nationale\u00a0\u00bb.<\/p>\n<p>Des parades des diff\u00e9rentes unit\u00e9s des douanes ont \u00e9t\u00e9 ex\u00e9cut\u00e9es lors de la c\u00e9r\u00e9monie, \u00e9galement marqu\u00e9e par la visite d&rsquo;une exposition sur les activit\u00e9s du corps des Douanes.<\/p>\n<p>La victime du devoir feu Haoua Abdelkader, dont le nom a \u00e9t\u00e9 attribu\u00e9 \u00e0 la nouvelle promotion d&rsquo;officiers de brigades, est n\u00e9 le 18 juillet 1968 \u00e0 Matmar, dans la wilaya de Relizane. Il rejoint le corps douanier le 13 novembre 1993 \u00e0 l&rsquo;issue de sa formation \u00e0 l&rsquo;\u00e9cole des Douanes de Terga (A\u00efn T\u00e9mouchent), participant d\u00e8s lors \u00e0 plusieurs op\u00e9rations de lutte contre la contrebande ayant donn\u00e9 lieu \u00e0 la saisie d&rsquo;importantes quantit\u00e9s de produits.<\/p>\n<p>Il s&rsquo;est \u00e9teint le 1er ao\u00fbt dernier \u00e0 l&rsquo;\u00e2ge de 51 ans, suite \u00e0 une ultime op\u00e9ration d&rsquo;interception de contrebandiers men\u00e9e \u00e0 Relizane, laissant derri\u00e8re lui une femme et quatre enfants.<\/p>\n<p>Ses qualit\u00e9s professionnelles et humaines ont \u00e9t\u00e9 \u00e9voqu\u00e9es lors d&rsquo;un vibrant hommage rendu en pr\u00e9sence de sa famille, des autorit\u00e9s locales et de repr\u00e9sentants des diff\u00e9rents corps de s\u00e9curit\u00e9 du pays.<\/p>\n<\/div>\n<p>Auteur:<br \/>\n<a href=\"http:\/\/www.aps.dz\/regions\/95773-ecole-nationale-superieure-des-douanes-d-oran-sortie-de-la-3e-promotion-d-officiers-de-brigades\">Cliquez ici pour lire l&rsquo;article depuis sa source.<\/a><\/p>\n","protected":false},"excerpt":{"rendered":"<p>ORAN &#8211; L&rsquo;Ecole nationale sup\u00e9rieure des Douanes d&rsquo;Oran a organis\u00e9 mercredi une c\u00e9r\u00e9monie de sortie de la 3\u00e8me promotion d&rsquo;officiers de brigades, pr\u00e9sid\u00e9e par le directeur g\u00e9n\u00e9ral des Douanes, Mohammed Ouaret. Un effectif de 81 officiers compose la nouvelle promotion baptis\u00e9e du nom de feu Haoua Abdelkader, victime du devoir dont le parcours professionnel a [&hellip;]<\/p>\n","protected":false},"author":1790,"featured_media":0,"comment_status":"closed","ping_status":"closed","sticky":false,"template":"","format":"standard","meta":{"fifu_image_url":"","fifu_image_alt":"","footnotes":""},"categories":[53,76],"tags":[],"class_list":["post-64550","post","type-post","status-publish","format-standard","hentry","category-algerie","category-regions"],"_links":{"self":[{"href":"https:\/\/linitiative.ca\/International\/wp-json\/wp\/v2\/posts\/64550","targetHints":{"allow":["GET"]}}],"collection":[{"href":"https:\/\/linitiative.ca\/International\/wp-json\/wp\/v2\/posts"}],"about":[{"href":"https:\/\/linitiative.ca\/International\/wp-json\/wp\/v2\/types\/post"}],"author":[{"embeddable":true,"href":"https:\/\/linitiative.ca\/International\/wp-json\/wp\/v2\/users\/1790"}],"replies":[{"embeddable":true,"href":"https:\/\/linitiative.ca\/International\/wp-json\/wp\/v2\/comments?post=64550"}],"version-history":[{"count":0,"href":"https:\/\/linitiative.ca\/International\/wp-json\/wp\/v2\/posts\/64550\/revisions"}],"wp:attachment":[{"href":"https:\/\/linitiative.ca\/International\/wp-json\/wp\/v2\/media?parent=64550"}],"wp:term":[{"taxonomy":"category","embeddable":true,"href":"https:\/\/linitiative.ca\/International\/wp-json\/wp\/v2\/categories?post=64550"},{"taxonomy":"post_tag","embeddable":true,"href":"https:\/\/linitiative.ca\/International\/wp-json\/wp\/v2\/tags?post=64550"}],"curies":[{"name":"wp","href":"https:\/\/api.w.org\/{rel}","templated":true}]}}