{"id":64556,"date":"2019-10-16T15:14:11","date_gmt":"2019-10-16T19:14:11","guid":{"rendered":"https:\/\/linitiative.ca\/International\/ligue-1-2-jsk-la-jsk-reclame-les-droits-tv\/"},"modified":"2019-10-16T15:14:11","modified_gmt":"2019-10-16T19:14:11","slug":"ligue-1-2-jsk-la-jsk-reclame-les-droits-tv","status":"publish","type":"post","link":"https:\/\/linitiative.ca\/International\/ligue-1-2-jsk-la-jsk-reclame-les-droits-tv\/","title":{"rendered":"Ligue 1 &amp; 2 : JSK : La JSK r\u00e9clame les droits TV"},"content":{"rendered":"<p>Dans le football, l\u2019argent est le capital pour g\u00e9rer une \u00e9quipe, r\u00e9aliser un bon recrutement mais aussi mettre son team dans les meilleures conditions possibles. En Alg\u00e9rie, toutes les formations souffrent sur le plan financier et attendent avec impatience les subventions de l\u2019Etat o\u00f9 l\u2019argent des sponsors pour pouvoir respirer. Derni\u00e8rement, nous avons appris que la direction de la JSK n\u2019a toujours pas encaiss\u00e9 l\u2019argent des droits TV alors que nous sommes d\u00e9j\u00e0 \u00e0 la septi\u00e8me journ\u00e9e. Le pr\u00e9sident Mellal n\u2019a pas h\u00e9sit\u00e9 \u00e0 r\u00e9clamer ce qui lui revient de droit. Selon lui, cet argent servira le club en ce d\u00e9but de saison o\u00f9 l\u2019\u00e9quipe a d\u00e9j\u00e0 effectu\u00e9 deux d\u00e9placements en Afrique en attendant les prochaines sorties en Tunisie, le Maroc et le Congo. Au moment o\u00f9 nous mettons sous presse, la Ligue nationale de football n\u2019a rendu aucune r\u00e9ponse dans ce sens et les clubs n\u2019ont qu\u2019\u00e0 patienter encore. \u00a0<\/p>\n<p><strong>En Europe, en Tunisie et au Maroc, les revenus des clubs sont bas\u00e9s essentiellement sur ces droits<\/strong><br \/>Ce n\u2019est pas facile de pr\u00e9tendre que nos clubs \u00e9voluent dans un championnat professionnel. En v\u00e9rit\u00e9, ce n\u2019est pas le cas. A comparer avec les clubs europ\u00e9en, tunisiens ou marocains, nous sommes loin de leur tenir t\u00eate. En France, les clubs fonctionnent avec un budget dont plus de la moiti\u00e9 est celui des droits TV. C\u2019est le cas en Angleterre, en Tunisie ou au Maroc. Le Raja, la saison pass\u00e9e, a fait un b\u00e9n\u00e9fice de 170 milliards. 6% de cette somme appartient aux droits TV. En Alg\u00e9rie, aucun club n\u2019a b\u00e9n\u00e9fici\u00e9 d\u2019une telle part.<\/p>\n<p><strong>Les Canaris \u00e9tant le club le plus retransmis en direct l\u2019an dernier, mais\u2026<\/strong><br \/>Si la JSK exige \u00e0 encaisser l\u2019argent des droits TV, c\u2019est parce que ce club a \u00e9t\u00e9 l\u2019un des plus retransmis sur le petit \u00e9cran la saison pass\u00e9e. Le club a \u00e9t\u00e9 souvent concern\u00e9 par la retransmission en direct. Aujourd\u2019hui, la direction r\u00e9clame son argent et attend toujours un geste des responsables de la LFP. A rappeler que la JSK a \u00e9t\u00e9 priv\u00e9e des droits du match JSK-CRB et ce, \u00e0 cause des incidents ayant \u00e9maill\u00e9 la partie.<br \/>\u00a0<\/p>\n<p><strong>Hamroune reprend le travail en solo<\/strong><\/p>\n<p>Comme tout le monde le sait, l\u2019attaquant Rezki Hamroune n\u2019\u00e9tait pas concern\u00e9 par le d\u00e9placement de la JSK \u00e0 Chlef. Souffrant d\u2019une blessure \u00e0 la cuisse, le meilleur buteur du club la saison pass\u00e9e, avait besoin d\u2019une semaine de repos pour pouvoir revenir progressivement \u00e0 la comp\u00e9tition. Et m\u00eame s\u2019il a \u00e9t\u00e9 r\u00e9tabli, nous avons appris qu\u2019il n\u2019a pas \u00e9t\u00e9 autoris\u00e9 \u00e0 r\u00e9int\u00e9grer directement le groupe. Et pour \u00e9viter de rechuter, il a \u00e9t\u00e9 pr\u00e9f\u00e9rable pour lui de travailler en solo \u00e0 la reprise. Les membres du staff technique le suivent et devraient l\u2019autoriser \u00e0 travailler avec ses co\u00e9quipiers \u00e0 partir de demain.<\/p>\n<p><strong>Il a discut\u00e9 avec Batelli samedi dernier<\/strong><br \/>Le s\u00e9lectionneur national de l\u2019\u00e9quipe A\u2019, a d\u00e9voil\u00e9 lundi la liste des joueurs convoqu\u00e9s pour le match retour contre le Maroc, le 19 octobre prochain. Le nom de Hamroune n\u2019y figurait pas \u00e0 cause de la blessure qu\u2019il a r\u00e9cemment contract\u00e9e. Et d\u2019apr\u00e8s nos sources, le s\u00e9lectionneur national a discut\u00e9 avec Hamroune samedi dernier pour prendre de ses nouvelles. Il lui aurait fait savoir qu\u2019il ne pouvait pas compter sur lui cette fois-ci, puisqu\u2019il avait besoin des joueurs en super forme. Cela veut dire que Hamroune sera concern\u00e9 par les prochains stages.<\/p>\n<p><strong>Il ne reprendra pas avant d\u2019effectuer une \u00e9chographie de contr\u00f4le<\/strong><br \/>M\u00eame s\u2019il ne ressent plus aucune douleur, l\u2019attaquant Rezki Hamroune doit revenir progressivement \u00e0 la comp\u00e9tition. Il va continuer \u00e0 s\u2019entra\u00eener en solo avant d\u2019effectuer une \u00e9cographie de contr\u00f4le pour s\u2019assurer qu\u2019il ne souffre d\u2019aucun bobo. Et c\u2019est \u00e0 ce moment-l\u00e0 qu\u2019il pourra enfin r\u00e9int\u00e9grer tranquillement le groupe.<\/p>\n<p><strong>Il sera officiellement pr\u00eat le 23 octobre<\/strong><br \/>Et pour rassurer les supporters, l\u2019attaquant Rezki Hamroune et m\u00eame s\u2019il n\u2019a pas r\u00e9int\u00e9gr\u00e9 le groupe hier, sera officiellement op\u00e9rationnel pour le match contre le CSC du 23 octobre. L\u2019entra\u00eeneur en chef pourra miser sur lui dans ce match o\u00f9 l\u2019erreur est quasiment interdite.<br \/>\u00a0<\/p>\n<p><strong>L\u2019affaire des 4 supporters arr\u00eat\u00e9s face au CRB sera r\u00e9examin\u00e9e dimanche prochain<\/strong><\/p>\n<p>Comme tout le monde le sait, quatre supporters ont \u00e9t\u00e9 arr\u00eat\u00e9s par les services de s\u00e9curit\u00e9, apr\u00e8s le match du CRB qui a connu de graves incidents et dont la JSK est sortie l\u2019unique perdante. En effet, le club kabyle, qui venait d\u2019essuyer sa premi\u00e8re d\u00e9faite cette saison en championnat, a \u00e9cop\u00e9 d\u2019une lourde sanction de quatre matchs \u00e0 huis clos dont deux \u00e0 l\u2019ext\u00e9rieur et d\u2019une amende financi\u00e8re. Les quatre supporters pr\u00e9sum\u00e9s auteurs de troubles au stade du 1er-Novembre ont comparu devant le tribunal de Tizi Ouzou. Ils sont tous \u00e9cop\u00e9 d\u2019une ann\u00e9e de prison dont six mois avec sursis. Aussit\u00f4t le verdict tomb\u00e9, les familles des quatre supporters ont observ\u00e9 un sit-in devant le tribunal et le si\u00e8ge de la JSK, exigeant leur lib\u00e9ration. Selon eux, les supporters en question n\u2019ont rien \u00e0 voir avec les \u00e9v\u00e9nements. D\u2019ailleurs au moment o\u00f9 les incidents ont \u00e9clat\u00e9, ils \u00e9taient pris de panique et voulaient fuir le danger, d\u2019o\u00f9 leur pr\u00e9sence sur le terrain au moment de leur arrestation. La direction de la JSK n\u2019est pas rest\u00e9e insensible et a tenu \u00e0 apporter tout son soutien aux familles. D\u2019ailleurs, selon une source fiable, l\u2019avocat du club est charg\u00e9 de suivre de pr\u00e8s l\u2019\u00e9volution du dossier et fait tout pour qu\u2019ils soient rel\u00e2ch\u00e9s. A en croire des indiscr\u00e9tions, cette affaire sera r\u00e9examin\u00e9e, dimanche prochain par la cour de Tizi Ouzou. Selon une source s\u00fbre, une bonne nouvelle devrait \u00eatre annonc\u00e9e au grand soulagement des familles des quatre supporters arr\u00eat\u00e9s.<br \/>\u00a0<\/p>\n<p><strong>Il ne fait plus partie du groupe<\/strong><\/p>\n<p><strong>Rena\u00ef quittera la JSK au mercato<\/strong><\/p>\n<p>M\u00eame si la phase aller est loin d\u2019\u00eatre termin\u00e9e, certains observateurs parlent d\u00e9j\u00e0 du prochain mercato hivernal. Des managers sont all\u00e9s m\u00eame jusqu\u2019\u00e0 proposer des joueurs au pr\u00e9sident Ch\u00e9rif Mellal qui, selon nos sources, refuse cat\u00e9goriquement de brancher. Selon lui, ce n\u2019est vraiment pas le moment de d\u00e9stabiliser l\u2019\u00e9quipe, qui s\u2019appr\u00eate \u00e0 jouer des matchs tr\u00e8s d\u00e9cisifs, notamment en Ligue des Champions. Pour preuve, derni\u00e8rement, l\u2019ancien gardien de la JSK, Fawzi Chaouchi a \u00e9t\u00e9 annonc\u00e9 de retour. En v\u00e9rit\u00e9, ce n\u2019\u00e9tait qu\u2019une rumeur puisque les dirigeants ont tenu \u00e0 d\u00e9mentir cette information. Par contre, m\u00eame si le moment ne s\u2019y pr\u00eate pas, nous avons appris que la JSK va certainement se s\u00e9parer de l\u2019un de ses jeunes joueurs. En effet, le jeune milieu de terrain, Anis Rena\u00ef, consid\u00e9r\u00e9 il y a quelques ann\u00e9es comme \u00e9tant l\u2019une des r\u00e9v\u00e9lations de toute la Kabylie, n\u2019arrive toujours pas \u00e0 pers\u00e9v\u00e9rer. N\u2019ayant pas eu suffisamment de chance ni de temps de jeu, le meneur de jeu a \u00e9t\u00e9 annonc\u00e9 partant l\u2019\u00e9t\u00e9 dernier avant qu\u2019il ne soit rep\u00each\u00e9 \u00e0 la derni\u00e8re minute. Pressenti proche du CSC, Rena\u00ef accepte de s\u2019accorder une derni\u00e8re chance avec la JSK mais malheureusement, apr\u00e8s sept journ\u00e9es, il n\u2019a aucunement \u00e9t\u00e9 align\u00e9. De ce fait, son d\u00e9part du club est plus que jamais proche. Il devrait, selon nos sources, quitter la JSK d\u00e8s le prochain mercato hivernal.<\/p>\n<p><strong>L\u2019occasion pour lui de prendre son avenir en main<\/strong><br \/>Si l\u2019information du d\u00e9part de Rena\u00ef cet hiver venait \u00e0 se confirmer, ce serait, contrairement \u00e0 ce que pensent certains, une bonne chose pour lui. N\u2019ayant pas eu une v\u00e9ritable chance pour prouver ses qualit\u00e9s, le meilleur moyen pour qu\u2019il relance sa carri\u00e8re, serait de tenter une chance dans une autre \u00e9quipe. Ces qualit\u00e9s vont certainement lui permettre de jouer dans n\u2019importe quelle formation, notamment celles qui comptent sur les jeunes joueurs.<\/p>\n<p><strong>Un v\u00e9ritable g\u00e2chis<\/strong><br \/>De l\u2019avis de tous, Anis Rena\u00ef figurait parmi les meilleurs jeunes joueurs de toute la Kabylie. Tr\u00e8s rapide et technique, le joueur n\u2019a pas eu suffisamment de temps de jeu pour prouver ses qualit\u00e9s. Et \u00e0 chaque fois qu\u2019il joue, il n\u2019arrivait pas \u00e0 encha\u00eener. Un v\u00e9ritable g\u00e2chis pour un jeune meneur dont les qualit\u00e9s sont \u00e9normes. Aujourd\u2019hui, Rena\u00ef et pour se relancer, n\u2019aura qu\u2019\u00e0 faire le bon choix en optant pour une \u00e9quipe qui lui accordera une v\u00e9ritable chance et faire de lui l\u2019un des \u00e9l\u00e9ments cl\u00e9s.<br \/>\u00a0<\/p>\n<p><strong>Publi\u00e9 dans :<\/strong> <span>JSK<\/span> <span>Rena\u00ef<\/span> <span>Hamroune<\/span><\/p>\n<p>Auteur:<br \/>\n<a href=\"http:\/\/www.lebuteur.com\/article\/detail?titre=jsk-la-jsk-reclame-les-droits-tv&#038;id=92343&#038;utm_source=feedburner&#038;utm_medium=feed&#038;utm_campaign=Feed%3A+GalerieFArtciles+%28Les+derniers+articles++-+lebuteur.com%29\">Cliquez ici pour lire l&rsquo;article depuis sa source.<\/a><\/p>\n","protected":false},"excerpt":{"rendered":"<p>Dans le football, l\u2019argent est le capital pour g\u00e9rer une \u00e9quipe, r\u00e9aliser un bon recrutement mais aussi mettre son team dans les meilleures conditions possibles. En Alg\u00e9rie, toutes les formations souffrent sur le plan financier et attendent avec impatience les subventions de l\u2019Etat o\u00f9 l\u2019argent des sponsors pour pouvoir respirer. Derni\u00e8rement, nous avons appris que [&hellip;]<\/p>\n","protected":false},"author":1738,"featured_media":64557,"comment_status":"closed","ping_status":"closed","sticky":false,"template":"","format":"standard","meta":{"fifu_image_url":"","fifu_image_alt":"","footnotes":""},"categories":[53,75],"tags":[],"class_list":["post-64556","post","type-post","status-publish","format-standard","has-post-thumbnail","hentry","category-algerie","category-sport"],"_links":{"self":[{"href":"https:\/\/linitiative.ca\/International\/wp-json\/wp\/v2\/posts\/64556","targetHints":{"allow":["GET"]}}],"collection":[{"href":"https:\/\/linitiative.ca\/International\/wp-json\/wp\/v2\/posts"}],"about":[{"href":"https:\/\/linitiative.ca\/International\/wp-json\/wp\/v2\/types\/post"}],"author":[{"embeddable":true,"href":"https:\/\/linitiative.ca\/International\/wp-json\/wp\/v2\/users\/1738"}],"replies":[{"embeddable":true,"href":"https:\/\/linitiative.ca\/International\/wp-json\/wp\/v2\/comments?post=64556"}],"version-history":[{"count":0,"href":"https:\/\/linitiative.ca\/International\/wp-json\/wp\/v2\/posts\/64556\/revisions"}],"wp:featuredmedia":[{"embeddable":true,"href":"https:\/\/linitiative.ca\/International\/wp-json\/"}],"wp:attachment":[{"href":"https:\/\/linitiative.ca\/International\/wp-json\/wp\/v2\/media?parent=64556"}],"wp:term":[{"taxonomy":"category","embeddable":true,"href":"https:\/\/linitiative.ca\/International\/wp-json\/wp\/v2\/categories?post=64556"},{"taxonomy":"post_tag","embeddable":true,"href":"https:\/\/linitiative.ca\/International\/wp-json\/wp\/v2\/tags?post=64556"}],"curies":[{"name":"wp","href":"https:\/\/api.w.org\/{rel}","templated":true}]}}