{"id":64558,"date":"2019-10-16T15:14:13","date_gmt":"2019-10-16T19:14:13","guid":{"rendered":"https:\/\/linitiative.ca\/International\/equipe-dalgerie-colombie-queiroz-cest-une-defaite-qui-fait-tres-mal\/"},"modified":"2019-10-16T15:14:13","modified_gmt":"2019-10-16T19:14:13","slug":"equipe-dalgerie-colombie-queiroz-cest-une-defaite-qui-fait-tres-mal","status":"publish","type":"post","link":"https:\/\/linitiative.ca\/International\/equipe-dalgerie-colombie-queiroz-cest-une-defaite-qui-fait-tres-mal\/","title":{"rendered":"Equipe d&rsquo;Alg\u00e9rie : Colombie &#8211; Queiroz : \u00ab\u00a0C&rsquo;est une d\u00e9faite qui fait tr\u00e8s mal\u00a0\u00bb"},"content":{"rendered":"<div readability=\"32\">\n<p>Auteur : <span class=\"time\">mercredi 16 octobre 2019 14:09<\/span><\/p>\n<\/div>\n<div id=\"post_core\" readability=\"44\">\n<p>Au moment de r\u00e9pondre aux critiques qui ont suivi cette d\u00e9sillusion face \u00e0 la s\u00e9lection nationale, l&rsquo;entraineur portugais a d\u00e9clar\u00e9 :<\/p>\n<p>\u00ab\u00a0C&rsquo;est une d\u00e9faite qui fait tr\u00e8s mal. Mais une chose est s\u00fbre, nous apprenons plus de ce genre de d\u00e9faites. Plus les le\u00e7ons sont difficiles, plus elles sont b\u00e9n\u00e9fiques pour nous\u00a0\u00bb.<\/p>\n<p>Carlos Queiroz a \u00e9galement fait l&rsquo;\u00e9loge de la s\u00e9lection d&rsquo;Alg\u00e9rie en d\u00e9clarant :<\/p>\n<p>\u00ab\u00a0La s\u00e9lection d&rsquo;Alg\u00e9rie est gonfl\u00e9e \u00e0 bloc car elle a r\u00e9cemment remport\u00e9e la Coupe d&rsquo;Afrique des Nations. C&rsquo;est une \u00e9quipe tr\u00e8s bien organis\u00e9e et compte de tr\u00e8s bon joueurs en son sein\u00a0\u00bb.<\/p>\n<p><strong>Publi\u00e9 dans :<\/strong> <span>algerie<\/span><\/p>\n<\/div>\n<p>Auteur:<br \/>\n<a href=\"http:\/\/www.lebuteur.com\/article\/detail?titre=colombie-queiroz-cest-une-defaite-qui-fait-tres-mal&#038;id=92358&#038;utm_source=feedburner&#038;utm_medium=feed&#038;utm_campaign=Feed%3A+GalerieFArtciles+%28Les+derniers+articles++-+lebuteur.com%29\">Cliquez ici pour lire l&rsquo;article depuis sa source.<\/a><\/p>\n","protected":false},"excerpt":{"rendered":"<p>Auteur : mercredi 16 octobre 2019 14:09 Au moment de r\u00e9pondre aux critiques qui ont suivi cette d\u00e9sillusion face \u00e0 la s\u00e9lection nationale, l&rsquo;entraineur portugais a d\u00e9clar\u00e9 : \u00ab\u00a0C&rsquo;est une d\u00e9faite qui fait tr\u00e8s mal. Mais une chose est s\u00fbre, nous apprenons plus de ce genre de d\u00e9faites. Plus les le\u00e7ons sont difficiles, plus elles [&hellip;]<\/p>\n","protected":false},"author":1738,"featured_media":64559,"comment_status":"closed","ping_status":"closed","sticky":false,"template":"","format":"standard","meta":{"fifu_image_url":"","fifu_image_alt":"","footnotes":""},"categories":[53,75],"tags":[],"class_list":["post-64558","post","type-post","status-publish","format-standard","has-post-thumbnail","hentry","category-algerie","category-sport"],"_links":{"self":[{"href":"https:\/\/linitiative.ca\/International\/wp-json\/wp\/v2\/posts\/64558","targetHints":{"allow":["GET"]}}],"collection":[{"href":"https:\/\/linitiative.ca\/International\/wp-json\/wp\/v2\/posts"}],"about":[{"href":"https:\/\/linitiative.ca\/International\/wp-json\/wp\/v2\/types\/post"}],"author":[{"embeddable":true,"href":"https:\/\/linitiative.ca\/International\/wp-json\/wp\/v2\/users\/1738"}],"replies":[{"embeddable":true,"href":"https:\/\/linitiative.ca\/International\/wp-json\/wp\/v2\/comments?post=64558"}],"version-history":[{"count":0,"href":"https:\/\/linitiative.ca\/International\/wp-json\/wp\/v2\/posts\/64558\/revisions"}],"wp:featuredmedia":[{"embeddable":true,"href":"https:\/\/linitiative.ca\/International\/wp-json\/"}],"wp:attachment":[{"href":"https:\/\/linitiative.ca\/International\/wp-json\/wp\/v2\/media?parent=64558"}],"wp:term":[{"taxonomy":"category","embeddable":true,"href":"https:\/\/linitiative.ca\/International\/wp-json\/wp\/v2\/categories?post=64558"},{"taxonomy":"post_tag","embeddable":true,"href":"https:\/\/linitiative.ca\/International\/wp-json\/wp\/v2\/tags?post=64558"}],"curies":[{"name":"wp","href":"https:\/\/api.w.org\/{rel}","templated":true}]}}