{"id":64560,"date":"2019-10-16T15:14:14","date_gmt":"2019-10-16T19:14:14","guid":{"rendered":"https:\/\/linitiative.ca\/International\/international-liga-la-ligue-espagnole-reclame-linversion-du-clasico\/"},"modified":"2019-10-16T15:14:14","modified_gmt":"2019-10-16T19:14:14","slug":"international-liga-la-ligue-espagnole-reclame-linversion-du-clasico","status":"publish","type":"post","link":"https:\/\/linitiative.ca\/International\/international-liga-la-ligue-espagnole-reclame-linversion-du-clasico\/","title":{"rendered":"International : Liga: la ligue espagnole r\u00e9clame l&rsquo;inversion du Clasico"},"content":{"rendered":"<div readability=\"32\">\n<p>Auteur : <span class=\"time\">mercredi 16 octobre 2019 15:33<\/span><\/p>\n<\/div>\n<div id=\"post_core\" readability=\"40\">\n<p>La Ligue espagnole a demand\u00e9 mercredi \u00e0 la F\u00e9d\u00e9ration que le prochain Clasico entre le FC Barcelone et le Real Madrid pr\u00e9vu samedi 26 octobre \u00e0 Barcelone puisse se jouer \u00e0 Madrid, apr\u00e8s les violentes manifestations ind\u00e9pendantistes de mardi soir. Selon la presse, les partis et associations ind\u00e9pendantistes envisagent de convoquer une grande manifestation \u00e0 cette date \u00e0 Barcelone: \u00ab\u00a0Nous avons demand\u00e9 au comit\u00e9 des comp\u00e9titions de la F\u00e9d\u00e9ration de se r\u00e9unir et de changer le lieu du Clasico \u00e0 Madrid en raison de circonstances exceptionnelles au-del\u00e0 de notre contr\u00f4le\u00a0\u00bb, a indiqu\u00e9 La Liga dans une d\u00e9claration transmise \u00e0 l&rsquo;AFP. La F\u00e9d\u00e9ration a indiqu\u00e9 avoir re\u00e7u cette demande et pr\u00e9cis\u00e9 que les deux clubs avaient jusqu&rsquo;\u00e0 lundi pour remettre leurs observations avant la prise d&rsquo;une d\u00e9cision rapporte rmcsport.bfmtv.com.<\/p>\n<p><strong>Publi\u00e9 dans :<\/strong> <span>fc barcelone<\/span> <span>real madrid<\/span><\/p>\n<\/div>\n<p>Auteur:<br \/>\n<a href=\"http:\/\/www.lebuteur.com\/article\/detail?titre=liga-la-ligue-espagnole-reclame-linversion-du-clasico&#038;id=92359&#038;utm_source=feedburner&#038;utm_medium=feed&#038;utm_campaign=Feed%3A+GalerieFArtciles+%28Les+derniers+articles++-+lebuteur.com%29\">Cliquez ici pour lire l&rsquo;article depuis sa source.<\/a><\/p>\n","protected":false},"excerpt":{"rendered":"<p>Auteur : mercredi 16 octobre 2019 15:33 La Ligue espagnole a demand\u00e9 mercredi \u00e0 la F\u00e9d\u00e9ration que le prochain Clasico entre le FC Barcelone et le Real Madrid pr\u00e9vu samedi 26 octobre \u00e0 Barcelone puisse se jouer \u00e0 Madrid, apr\u00e8s les violentes manifestations ind\u00e9pendantistes de mardi soir. Selon la presse, les partis et associations ind\u00e9pendantistes [&hellip;]<\/p>\n","protected":false},"author":1738,"featured_media":64561,"comment_status":"closed","ping_status":"closed","sticky":false,"template":"","format":"standard","meta":{"fifu_image_url":"","fifu_image_alt":"","footnotes":""},"categories":[53,75],"tags":[],"class_list":["post-64560","post","type-post","status-publish","format-standard","has-post-thumbnail","hentry","category-algerie","category-sport"],"_links":{"self":[{"href":"https:\/\/linitiative.ca\/International\/wp-json\/wp\/v2\/posts\/64560","targetHints":{"allow":["GET"]}}],"collection":[{"href":"https:\/\/linitiative.ca\/International\/wp-json\/wp\/v2\/posts"}],"about":[{"href":"https:\/\/linitiative.ca\/International\/wp-json\/wp\/v2\/types\/post"}],"author":[{"embeddable":true,"href":"https:\/\/linitiative.ca\/International\/wp-json\/wp\/v2\/users\/1738"}],"replies":[{"embeddable":true,"href":"https:\/\/linitiative.ca\/International\/wp-json\/wp\/v2\/comments?post=64560"}],"version-history":[{"count":0,"href":"https:\/\/linitiative.ca\/International\/wp-json\/wp\/v2\/posts\/64560\/revisions"}],"wp:featuredmedia":[{"embeddable":true,"href":"https:\/\/linitiative.ca\/International\/wp-json\/"}],"wp:attachment":[{"href":"https:\/\/linitiative.ca\/International\/wp-json\/wp\/v2\/media?parent=64560"}],"wp:term":[{"taxonomy":"category","embeddable":true,"href":"https:\/\/linitiative.ca\/International\/wp-json\/wp\/v2\/categories?post=64560"},{"taxonomy":"post_tag","embeddable":true,"href":"https:\/\/linitiative.ca\/International\/wp-json\/wp\/v2\/tags?post=64560"}],"curies":[{"name":"wp","href":"https:\/\/api.w.org\/{rel}","templated":true}]}}