{"id":64564,"date":"2019-10-15T20:00:00","date_gmt":"2019-10-16T00:00:00","guid":{"rendered":"https:\/\/linitiative.ca\/International\/aeroport-mohamed-khider-de-biskra-inauguration-de-la-nouvelle-aerogare\/"},"modified":"2019-10-15T20:00:00","modified_gmt":"2019-10-16T00:00:00","slug":"aeroport-mohamed-khider-de-biskra-inauguration-de-la-nouvelle-aerogare","status":"publish","type":"post","link":"https:\/\/linitiative.ca\/International\/aeroport-mohamed-khider-de-biskra-inauguration-de-la-nouvelle-aerogare\/","title":{"rendered":"A\u00e9roport Mohamed-Khider de Biskra    : Inauguration de la nouvelle a\u00e9rogare"},"content":{"rendered":"<p>Le ministre des Travaux publics et des Transports, Mustapha Kouraba, a proc\u00e9d\u00e9 hier \u00e0 Biskra \u00e0 l\u2019inauguration de la nouvelle a\u00e9rogare de l\u2019a\u00e9roport Mohamed-Khider. Selon les explications donn\u00e9es sur site au ministre, les travaux de r\u00e9alisation de cette a\u00e9rogare ont d\u00e9marr\u00e9 en 2014 et ont n\u00e9cessit\u00e9 une enveloppe financi\u00e8re de l\u2019ordre de 1 milliard DA au titre d\u2019une op\u00e9ration de r\u00e9am\u00e9nagement et d\u2019extension.<br \/>Les travaux ont ainsi port\u00e9 sur la r\u00e9alisation d\u2019une salle d\u2019accueil des voyageurs, d\u2019un pavillon de traitement des bagages et d\u00e9p\u00f4ts, des bureaux de l\u2019administration de l\u2019a\u00e9roport et un parking, selon les explications. Le ministre s\u2019est enquis des travaux termin\u00e9s derni\u00e8rement d\u2019extension de la piste d\u2019atterrissage longue d\u00e9sormais de 3.100 m\u00e8tres et large de 45 m\u00e8tres. Il a \u00e9galement suivi un expos\u00e9 sur le projet de transfert du trac\u00e9 de la voie ferroviaire en dehors de la ville de Biskra incluant la construction d\u2019une gare ferroviaire des voyageurs et une autre pour les marchandises. M. Kouraba a insist\u00e9 sur la r\u00e9ception de ce projet \u00abau cours du 1er semestre 2020\u00bb ainsi que la lev\u00e9e de toutes les oppositions.<br \/>Le ministre poursuivra sa visite dans cette wilaya par l\u2019inspection de plusieurs projets de son d\u00e9partement dans les communes d\u2019Oum\u00e8che, Ouled Djellal et de Biskra.<\/p>\n<p>Auteur: elmoudjahid<br \/>\n<a href=\"http:\/\/www.elmoudjahid.com\/fr\/actualites\/143238\">Cliquez ici pour lire l&rsquo;article depuis sa source.<\/a><\/p>\n","protected":false},"excerpt":{"rendered":"<p>Le ministre des Travaux publics et des Transports, Mustapha Kouraba, a proc\u00e9d\u00e9 hier \u00e0 Biskra \u00e0 l\u2019inauguration de la nouvelle a\u00e9rogare de l\u2019a\u00e9roport Mohamed-Khider. Selon les explications donn\u00e9es sur site au ministre, les travaux de r\u00e9alisation de cette a\u00e9rogare ont d\u00e9marr\u00e9 en 2014 et ont n\u00e9cessit\u00e9 une enveloppe financi\u00e8re de l\u2019ordre de 1 milliard DA [&hellip;]<\/p>\n","protected":false},"author":1744,"featured_media":0,"comment_status":"closed","ping_status":"closed","sticky":false,"template":"","format":"standard","meta":{"fifu_image_url":"","fifu_image_alt":"","footnotes":""},"categories":[73,53],"tags":[],"class_list":["post-64564","post","type-post","status-publish","format-standard","hentry","category-actualite","category-algerie"],"_links":{"self":[{"href":"https:\/\/linitiative.ca\/International\/wp-json\/wp\/v2\/posts\/64564","targetHints":{"allow":["GET"]}}],"collection":[{"href":"https:\/\/linitiative.ca\/International\/wp-json\/wp\/v2\/posts"}],"about":[{"href":"https:\/\/linitiative.ca\/International\/wp-json\/wp\/v2\/types\/post"}],"author":[{"embeddable":true,"href":"https:\/\/linitiative.ca\/International\/wp-json\/wp\/v2\/users\/1744"}],"replies":[{"embeddable":true,"href":"https:\/\/linitiative.ca\/International\/wp-json\/wp\/v2\/comments?post=64564"}],"version-history":[{"count":0,"href":"https:\/\/linitiative.ca\/International\/wp-json\/wp\/v2\/posts\/64564\/revisions"}],"wp:attachment":[{"href":"https:\/\/linitiative.ca\/International\/wp-json\/wp\/v2\/media?parent=64564"}],"wp:term":[{"taxonomy":"category","embeddable":true,"href":"https:\/\/linitiative.ca\/International\/wp-json\/wp\/v2\/categories?post=64564"},{"taxonomy":"post_tag","embeddable":true,"href":"https:\/\/linitiative.ca\/International\/wp-json\/wp\/v2\/tags?post=64564"}],"curies":[{"name":"wp","href":"https:\/\/api.w.org\/{rel}","templated":true}]}}