{"id":64565,"date":"2019-10-15T20:00:00","date_gmt":"2019-10-16T00:00:00","guid":{"rendered":"https:\/\/linitiative.ca\/International\/enseignement-coranique-suivi-par-pres-dun-million-de-personnes\/"},"modified":"2019-10-15T20:00:00","modified_gmt":"2019-10-16T00:00:00","slug":"enseignement-coranique-suivi-par-pres-dun-million-de-personnes","status":"publish","type":"post","link":"https:\/\/linitiative.ca\/International\/enseignement-coranique-suivi-par-pres-dun-million-de-personnes\/","title":{"rendered":"Enseignement coranique    : Suivi par pr\u00e8s d&rsquo;un million de personnes"},"content":{"rendered":"<p>Le ministre des Affaires religieuses et des Wakfs, Youcef Belmehdi a fait \u00e9tat, hier \u00e0 Alger, de pr\u00e8s d&rsquo;un million de personnes qui suivent un enseignement coranique en Alg\u00e9rie.<br \/>Dans une d\u00e9claration \u00e0 la presse, en marge d&rsquo;une visite sur le terrain dans la wilaya d&rsquo;Alger o\u00f9 il a proc\u00e9d\u00e9 \u00e0 l&rsquo;inauguration de trois \u00e9coles coraniques, \u00e0 l&rsquo;occasion de la rentr\u00e9e annuelle de l&rsquo;enseignement coranique, M. Belmehdi a pr\u00e9cis\u00e9 qu&rsquo; \u00abentre 900.000 et un million de personnes suivent l&rsquo;enseignement coranique, \u00e0 travers tout le pays\u00bb. Le ministre a soulign\u00e9 que l&rsquo;Etat \u00abveille \u00e0 d\u00e9velopper et doter l&rsquo;enseignement coranique des moyens mat\u00e9riels et moraux n\u00e9cessaires, et ce, parall\u00e8lement \u00e0 l&rsquo;enseignement g\u00e9n\u00e9ral en Alg\u00e9rie\u00bb. Lors de cette visite, M. Belmehdi a proc\u00e9d\u00e9 \u00e0 l&rsquo;inauguration de l&rsquo;\u00e9cole coranique Mohamed-Lakhal-Chourafa dans la circonscription administrative de Draria, dont la capacit\u00e9 d&rsquo;accueil est de 450 \u00e9l\u00e8ves. Dans la commune de Baba Hassen relevant de la m\u00eame circonscription administrative, le ministre a inaugur\u00e9 l&rsquo;\u00e9cole coranique Abdelhamid-Ben-Badis qui dispose de 500 places, d&rsquo;une salle de r\u00e9citation traditionnelle, d&rsquo;une biblioth\u00e8que et de bureaux administratifs. La derni\u00e8re station de cette visite a \u00e9t\u00e9 la commune de Bab Ezzouar relevant de la circonscription administrative de Dar El Beida o\u00f9 le ministre a inaugur\u00e9 la mosqu\u00e9e Salmane-el-Farisi et une classe d&rsquo;enseignement coranique.<br \/>\u00a0<\/p>\n<p>Auteur: elmoudjahid<br \/>\n<a href=\"http:\/\/www.elmoudjahid.com\/fr\/actualites\/143239\">Cliquez ici pour lire l&rsquo;article depuis sa source.<\/a><\/p>\n","protected":false},"excerpt":{"rendered":"<p>Le ministre des Affaires religieuses et des Wakfs, Youcef Belmehdi a fait \u00e9tat, hier \u00e0 Alger, de pr\u00e8s d&rsquo;un million de personnes qui suivent un enseignement coranique en Alg\u00e9rie.Dans une d\u00e9claration \u00e0 la presse, en marge d&rsquo;une visite sur le terrain dans la wilaya d&rsquo;Alger o\u00f9 il a proc\u00e9d\u00e9 \u00e0 l&rsquo;inauguration de trois \u00e9coles coraniques, [&hellip;]<\/p>\n","protected":false},"author":1744,"featured_media":0,"comment_status":"closed","ping_status":"closed","sticky":false,"template":"","format":"standard","meta":{"fifu_image_url":"","fifu_image_alt":"","footnotes":""},"categories":[73,53],"tags":[],"class_list":["post-64565","post","type-post","status-publish","format-standard","hentry","category-actualite","category-algerie"],"_links":{"self":[{"href":"https:\/\/linitiative.ca\/International\/wp-json\/wp\/v2\/posts\/64565","targetHints":{"allow":["GET"]}}],"collection":[{"href":"https:\/\/linitiative.ca\/International\/wp-json\/wp\/v2\/posts"}],"about":[{"href":"https:\/\/linitiative.ca\/International\/wp-json\/wp\/v2\/types\/post"}],"author":[{"embeddable":true,"href":"https:\/\/linitiative.ca\/International\/wp-json\/wp\/v2\/users\/1744"}],"replies":[{"embeddable":true,"href":"https:\/\/linitiative.ca\/International\/wp-json\/wp\/v2\/comments?post=64565"}],"version-history":[{"count":0,"href":"https:\/\/linitiative.ca\/International\/wp-json\/wp\/v2\/posts\/64565\/revisions"}],"wp:attachment":[{"href":"https:\/\/linitiative.ca\/International\/wp-json\/wp\/v2\/media?parent=64565"}],"wp:term":[{"taxonomy":"category","embeddable":true,"href":"https:\/\/linitiative.ca\/International\/wp-json\/wp\/v2\/categories?post=64565"},{"taxonomy":"post_tag","embeddable":true,"href":"https:\/\/linitiative.ca\/International\/wp-json\/wp\/v2\/tags?post=64565"}],"curies":[{"name":"wp","href":"https:\/\/api.w.org\/{rel}","templated":true}]}}