{"id":64572,"date":"2019-10-16T13:53:29","date_gmt":"2019-10-16T17:53:29","guid":{"rendered":"https:\/\/linitiative.ca\/International\/95786-athletisme-mondiaux-2019-j-ai-toujours-cru-en-mes-capacites\/"},"modified":"2019-10-16T13:53:29","modified_gmt":"2019-10-16T17:53:29","slug":"95786-athletisme-mondiaux-2019-j-ai-toujours-cru-en-mes-capacites","status":"publish","type":"post","link":"https:\/\/linitiative.ca\/International\/95786-athletisme-mondiaux-2019-j-ai-toujours-cru-en-mes-capacites\/","title":{"rendered":"Athl\u00e9tisme\/Mondiaux-2019: \u00ab\u00a0J&rsquo;ai toujours cru en mes capacit\u00e9s\u00a0\u00bb"},"content":{"rendered":"<div readability=\"37\">\n<p><strong>ALGER &#8211; L&rsquo;athl\u00e8te alg\u00e9rien Taoufik Makhloufi, m\u00e9daill\u00e9 d&rsquo;argent du 1500 m aux Mondiaux-2019 \u00e0 Doha (Qatar), a estim\u00e9 mercredi \u00e0 Alger qu&rsquo;il n&rsquo;avait jamais perdu confiance en soi tout en se projetant sur son prochain objectif, les Jeux olympiques-2020 (JO-2020) \u00e0 Tokyo (Japon).<\/strong><\/p>\n<\/div>\n<div readability=\"91.2723214286\">\n<p>\u00ab\u00a0J&rsquo;ai toujours cru en mes capacit\u00e9s de rivaliser avec les meilleurs coureurs au monde. Malgr\u00e9 mon absence des pistes durant deux ans, j&rsquo;ai travaill\u00e9 tr\u00e8s dur avec mon staff technique et Dieu merci, j&rsquo;ai r\u00e9ussi \u00e0 d\u00e9crocher une m\u00e9daille \u00e0 Doha\u00a0\u00bb, a d\u00e9clar\u00e9 Makhloufi \u00e0 son arriv\u00e9e \u00e0 l&rsquo;a\u00e9roport Houari-Boumediene.<\/p>\n<p>\u00ab\u00a0Contrairement aux ann\u00e9es pr\u00e9c\u00e9dentes, j&rsquo;ai b\u00e9n\u00e9fici\u00e9 de tous les moyens de pr\u00e9paration que j&rsquo;ai demand\u00e9s. Je tiens \u00e0 remercier le minist\u00e8re de la Jeunesse et des Sports et toutes les personnes qui ont contribu\u00e9 \u00e0 mon succ\u00e8s\u00a0\u00bb, a-t-il ajout\u00e9.<\/p>\n<p>Fier de son exploit et heureux d&rsquo;avoir procur\u00e9 de la joie au peuple alg\u00e9rien, l&rsquo;enfant de Souk Ahras a d\u00e9di\u00e9 sa m\u00e9daille d&rsquo;argent \u00e0 tous les Alg\u00e9riens, soulignant que cette distinction est \u00ab\u00a0le fruit de beaucoup de sacrifices et d&rsquo;entra\u00eenements\u00a0\u00bb depuis son retour \u00e0 la comp\u00e9tition.<\/p>\n<p>\u00ab\u00a0Le plus important chez un athl\u00e8te de haut niveau est la confiance en soi et le travail. Nous sommes \u00e0 moins d&rsquo;un an des Jeux Olympiques de Tokyo, je vais prendre quelques jours de repos avant de me remettre au travail pour aborder les JO-2020 dans les meilleures conditions\u00a0\u00bb, a-t-il indiqu\u00e9.<\/p>\n<hr\/>\n<h3>Lire aussi:\u00a0<a href=\"http:\/\/www.aps.dz\/sport\/95300-athletisme-mondiaux-2019-medaille-d-argent-pour-makhloufi-sur-1500-metres\" target=\"_blank\" rel=\"noopener noreferrer\">Athl\u00e9tisme\/Mondiaux-2019 : m\u00e9daille d&rsquo;argent pour Makhloufi sur 1500 m\u00e8tres<\/a><\/h3>\n<hr\/>\n<p>Makhloufi a d\u00e9croch\u00e9 \u00e0 Doha sa premi\u00e8re m\u00e9daille \u00e0 des Mondiaux, en s&rsquo;adjugeant l&rsquo;argent du 1500 m avec un chrono de 3:31.38. Il a \u00e9t\u00e9 devanc\u00e9 par le K\u00e9nyan Timothy Cheruiyot (3:29.26), m\u00e9daill\u00e9 d&rsquo;or et meilleur performeur de l&rsquo;ann\u00e9e sur la distance, alors que la m\u00e9daille de bronze est revenue au Polonais Marcin Lewandowski (3:31.46).<\/p>\n<p>De son c\u00f4t\u00e9, le ministre de la Jeunesse et des Sports Raouf Salim Bernaoui, qui a accueilli Makhloufi \u00e0 son retour, a estim\u00e9 que ce dernier, qui squatte les podiums internationaux depuis 2012, a prouv\u00e9 encore une fois sa valeur en d\u00e9crochant une nouvelle m\u00e9daille pour l&rsquo;athl\u00e9tisme alg\u00e9rien.<\/p>\n<p>\u00ab\u00a0Makhloufi prouve \u00e0 chaque comp\u00e9tition que c&rsquo;est un champion hors pair. Il est parmi les meilleurs athl\u00e8tes au monde dans sa sp\u00e9cialit\u00e9 depuis trois cycles olympiques. Je pense qu&rsquo;il est le meilleur exemple pour les jeunes athl\u00e8tes alg\u00e9riens qui r\u00eavent de conqu\u00e9rir des m\u00e9dailles au niveau international\u00a0\u00bb, a d\u00e9clar\u00e9 Bernaoui.<\/p>\n<p>L&rsquo;ex-star du demi-fond mondial et champion olympique du 1500 m \u00e0 Atlanta-1996, Noureddine Morceli, pr\u00e9sent sur les lieux, s&rsquo;est f\u00e9licit\u00e9 de la performance de Makhloufi \u00e0 Doha, malgr\u00e9 une longue absence des pistes.<\/p>\n<p>\u00ab\u00a0C&rsquo;est une fiert\u00e9 pour l&rsquo;athl\u00e9tisme alg\u00e9rien d&rsquo;avoir remport\u00e9 encore une fois une m\u00e9daille dans l&rsquo;\u00e9preuve du 1500 m, je remercie Makhloufi d&rsquo;avoir repr\u00e9sent\u00e9 l&rsquo;Alg\u00e9rie de la meilleure des fa\u00e7ons\u00a0\u00bb, a-t-il dit.<\/p>\n<\/div>\n<p>Auteur:<br \/>\n<a href=\"http:\/\/www.aps.dz\/sport\/95786-athletisme-mondiaux-2019-j-ai-toujours-cru-en-mes-capacites?utm_source=feedburner&#038;utm_medium=feed&#038;utm_campaign=Feed%3A+aps-sport+%28APS+-+SPORT%29\">Cliquez ici pour lire l&rsquo;article depuis sa source.<\/a><\/p>\n","protected":false},"excerpt":{"rendered":"<p>ALGER &#8211; L&rsquo;athl\u00e8te alg\u00e9rien Taoufik Makhloufi, m\u00e9daill\u00e9 d&rsquo;argent du 1500 m aux Mondiaux-2019 \u00e0 Doha (Qatar), a estim\u00e9 mercredi \u00e0 Alger qu&rsquo;il n&rsquo;avait jamais perdu confiance en soi tout en se projetant sur son prochain objectif, les Jeux olympiques-2020 (JO-2020) \u00e0 Tokyo (Japon). \u00ab\u00a0J&rsquo;ai toujours cru en mes capacit\u00e9s de rivaliser avec les meilleurs coureurs [&hellip;]<\/p>\n","protected":false},"author":1790,"featured_media":0,"comment_status":"closed","ping_status":"closed","sticky":false,"template":"","format":"standard","meta":{"fifu_image_url":"","fifu_image_alt":"","footnotes":""},"categories":[53,75],"tags":[],"class_list":["post-64572","post","type-post","status-publish","format-standard","hentry","category-algerie","category-sport"],"_links":{"self":[{"href":"https:\/\/linitiative.ca\/International\/wp-json\/wp\/v2\/posts\/64572","targetHints":{"allow":["GET"]}}],"collection":[{"href":"https:\/\/linitiative.ca\/International\/wp-json\/wp\/v2\/posts"}],"about":[{"href":"https:\/\/linitiative.ca\/International\/wp-json\/wp\/v2\/types\/post"}],"author":[{"embeddable":true,"href":"https:\/\/linitiative.ca\/International\/wp-json\/wp\/v2\/users\/1790"}],"replies":[{"embeddable":true,"href":"https:\/\/linitiative.ca\/International\/wp-json\/wp\/v2\/comments?post=64572"}],"version-history":[{"count":0,"href":"https:\/\/linitiative.ca\/International\/wp-json\/wp\/v2\/posts\/64572\/revisions"}],"wp:attachment":[{"href":"https:\/\/linitiative.ca\/International\/wp-json\/wp\/v2\/media?parent=64572"}],"wp:term":[{"taxonomy":"category","embeddable":true,"href":"https:\/\/linitiative.ca\/International\/wp-json\/wp\/v2\/categories?post=64572"},{"taxonomy":"post_tag","embeddable":true,"href":"https:\/\/linitiative.ca\/International\/wp-json\/wp\/v2\/tags?post=64572"}],"curies":[{"name":"wp","href":"https:\/\/api.w.org\/{rel}","templated":true}]}}