{"id":64578,"date":"2019-10-16T14:38:00","date_gmt":"2019-10-16T18:38:00","guid":{"rendered":"https:\/\/linitiative.ca\/International\/candidat-a-la-presidentielle-azzedine-mihoubi-declare-son-patrimoine\/"},"modified":"2019-10-16T14:38:00","modified_gmt":"2019-10-16T18:38:00","slug":"candidat-a-la-presidentielle-azzedine-mihoubi-declare-son-patrimoine","status":"publish","type":"post","link":"https:\/\/linitiative.ca\/International\/candidat-a-la-presidentielle-azzedine-mihoubi-declare-son-patrimoine\/","title":{"rendered":"CANDIDAT A LA PRESIDENTIELLE : Azzedine Mihoubi  d\u00e9clare son patrimoine"},"content":{"rendered":"<p><br id=\"sep_para_1\" class=\"sep_para access\"\/><\/p>\n<div id=\"para_1\" class=\"para_33531412 resize\">\n<div class=\"texte access firstletter\">Postulant \u00e0 la magistrature supr\u00eame, Azzedine Mihoubi, a rendu public ce mercredi son patrimoine. En mati\u00e8re de biens immobiliers, l\u2019ancien ministre de la Culture a d\u00e9clar\u00e9 avoir r\u00e9serv\u00e9 un appartement dont une premi\u00e8re tranche a \u00e9t\u00e9 pay\u00e9e. Il s\u2019agit, selon la description, d\u2019un logement de l\u2019Office de promotion et de gestion immobili\u00e8re (Bir Mourad Rais). Pour ce qui est des comptes bancaires, Azzedine Mihoubi affirme poss\u00e9der quatre dont un en euros. Plus en d\u00e9tail, le premier est un compte CCP renflou\u00e9 \u00e0 hauteur de 56.139.17 DA. Quant au deuxi\u00e8me, c\u2019est un compte ouvert au niveau du Tr\u00e9sor public, cr\u00e9diteur de 1201.178.21DA.Le troisi\u00e8me est un compte CNEP o\u00f9 est \u00e9pargn\u00e9 quelque 787.382.00 DA. Enfin, un quatri\u00e8me compte en euros ouvert au Cr\u00e9dit populaire alg\u00e9rien. Ce compte est cr\u00e9diteur de pr\u00e8s de 28000 euros. A ce titre, le candidat atteste que les relev\u00e9s de compte ont \u00e9t\u00e9 dress\u00e9s lundi 14 octobre pour les trois premiers comptes et dimanche 13 octobre pour celui en euros. Il assure \u00e9galement qu\u2019il ne dispose pas de biens \u00e0 l\u2019\u00e9tranger.\u00a0<\/div>\n<\/div>\n<p>Auteur: Ismain<br \/>\n<a href=\"https:\/\/www.reflexiondz.net\/CANDIDAT-A-LA-PRESIDENTIELLE-Azzedine-Mihoubi-declare-son-patrimoine_a58265.html\">Cliquez ici pour lire l&rsquo;article depuis sa source.<\/a><\/p>\n","protected":false},"excerpt":{"rendered":"<p>Postulant \u00e0 la magistrature supr\u00eame, Azzedine Mihoubi, a rendu public ce mercredi son patrimoine. En mati\u00e8re de biens immobiliers, l\u2019ancien ministre de la Culture a d\u00e9clar\u00e9 avoir r\u00e9serv\u00e9 un appartement dont une premi\u00e8re tranche a \u00e9t\u00e9 pay\u00e9e. Il s\u2019agit, selon la description, d\u2019un logement de l\u2019Office de promotion et de gestion immobili\u00e8re (Bir Mourad Rais). [&hellip;]<\/p>\n","protected":false},"author":1740,"featured_media":0,"comment_status":"closed","ping_status":"closed","sticky":false,"template":"","format":"standard","meta":{"fifu_image_url":"","fifu_image_alt":"","footnotes":""},"categories":[53,76],"tags":[],"class_list":["post-64578","post","type-post","status-publish","format-standard","hentry","category-algerie","category-regions"],"_links":{"self":[{"href":"https:\/\/linitiative.ca\/International\/wp-json\/wp\/v2\/posts\/64578","targetHints":{"allow":["GET"]}}],"collection":[{"href":"https:\/\/linitiative.ca\/International\/wp-json\/wp\/v2\/posts"}],"about":[{"href":"https:\/\/linitiative.ca\/International\/wp-json\/wp\/v2\/types\/post"}],"author":[{"embeddable":true,"href":"https:\/\/linitiative.ca\/International\/wp-json\/wp\/v2\/users\/1740"}],"replies":[{"embeddable":true,"href":"https:\/\/linitiative.ca\/International\/wp-json\/wp\/v2\/comments?post=64578"}],"version-history":[{"count":0,"href":"https:\/\/linitiative.ca\/International\/wp-json\/wp\/v2\/posts\/64578\/revisions"}],"wp:attachment":[{"href":"https:\/\/linitiative.ca\/International\/wp-json\/wp\/v2\/media?parent=64578"}],"wp:term":[{"taxonomy":"category","embeddable":true,"href":"https:\/\/linitiative.ca\/International\/wp-json\/wp\/v2\/categories?post=64578"},{"taxonomy":"post_tag","embeddable":true,"href":"https:\/\/linitiative.ca\/International\/wp-json\/wp\/v2\/tags?post=64578"}],"curies":[{"name":"wp","href":"https:\/\/api.w.org\/{rel}","templated":true}]}}