{"id":64584,"date":"2019-10-16T13:11:00","date_gmt":"2019-10-16T17:11:00","guid":{"rendered":"https:\/\/linitiative.ca\/International\/un-nouvel-ouvrage-de-beit-el-hekma-la-tunisie-sous-la-plume-des-voyageurs-a-lepoque-moderne\/"},"modified":"2019-10-16T13:11:00","modified_gmt":"2019-10-16T17:11:00","slug":"un-nouvel-ouvrage-de-beit-el-hekma-la-tunisie-sous-la-plume-des-voyageurs-a-lepoque-moderne","status":"publish","type":"post","link":"https:\/\/linitiative.ca\/International\/un-nouvel-ouvrage-de-beit-el-hekma-la-tunisie-sous-la-plume-des-voyageurs-a-lepoque-moderne\/","title":{"rendered":"Un nouvel ouvrage de Beit El Hekma : La \u00abTunisie sous la plume des voyageurs \u00e0 l&rsquo;\u00e9poque moderne\u00bb"},"content":{"rendered":"<p>\u00ab La Tunisie sous la plume\u00a0 des voyageurs\u00a0 \u00e0 l\u2019\u00e9poque moderne \u00bb. C&rsquo;est le titre du livre que Beit El Hikma vient de publier.Le sujet a inspir\u00e9 nombre d\u2019auteurs comme Denise Brahimi et fait l\u2019objet\u00a0 de tant de th\u00e8ses et de colloques comme celui organis\u00e9 par Beit El Hikma. Il s&rsquo;agit d&rsquo;un ouvrage collectif sous la direction de Alia Baccar Bornaz qui reprend les actes du colloque.\u00a0 Pourquoi\u00a0 ce th\u00e8me ? L\u2019organisatrice de cette\u00a0 manifestation Alia Bornaz Baccar s\u2019explique : \u00ab La Tunisie ayant beaucoup plus inspir\u00e9 les voyageurs \u00e0 l&rsquo;\u00e9poque contemporaine ( coloniale et post-coloniale ), il m&rsquo;a paru int\u00e9ressant d&rsquo;inviter universitaires et chercheurs \u00e0 se pencher sur sa repr\u00e9sentation lors des si\u00e8cles ayant peu retenu l&rsquo;attention, c&rsquo;est- \u00e0- dire \u00e0 l&rsquo;Epoque Moderne (1492 \u00e0 1789 ).<\/p>\n<p>L&rsquo;objet de ces deux journ\u00e9es sera de tirer de l&rsquo;oubli les traces \u00e9crites l\u00e9gu\u00e9es par historiens, g\u00e9ographes, diplomates, arch\u00e9ologues, scientifiques, voyageurs d&rsquo; occident ou d&rsquo; orient.<\/p>\n<p>Elles sont d&rsquo;un int\u00e9r\u00eat capital pour l&rsquo;historien attentif \u00e0 la vie \u00e9conomique, politique et sociale m\u00e9diterran\u00e9enne. Par leur laconisme et malgr\u00e9 une subjectivit\u00e9 latente, ils mettent en relief l&rsquo;\u00e9v\u00e9nement dans tout son \u00e9clat\u00bb.<br \/>\u00a0<\/p>\n<p>Auteur:<br \/>\n<a href=\"https:\/\/www.leaders.com.tn\/article\/28202-un-nouvel-ouvrage-de-beit-el-hekma-la-tunisie-sous-la-plume-des-voyageurs-a-l-epoque-moderne\">Cliquez ici pour lire l&rsquo;article depuis sa source.<\/a><\/p>\n","protected":false},"excerpt":{"rendered":"<p>\u00ab La Tunisie sous la plume\u00a0 des voyageurs\u00a0 \u00e0 l\u2019\u00e9poque moderne \u00bb. C&rsquo;est le titre du livre que Beit El Hikma vient de publier.Le sujet a inspir\u00e9 nombre d\u2019auteurs comme Denise Brahimi et fait l\u2019objet\u00a0 de tant de th\u00e8ses et de colloques comme celui organis\u00e9 par Beit El Hikma. Il s&rsquo;agit d&rsquo;un ouvrage collectif sous [&hellip;]<\/p>\n","protected":false},"author":1772,"featured_media":0,"comment_status":"closed","ping_status":"closed","sticky":false,"template":"","format":"standard","meta":{"fifu_image_url":"","fifu_image_alt":"","footnotes":""},"categories":[73,55],"tags":[],"class_list":["post-64584","post","type-post","status-publish","format-standard","hentry","category-actualite","category-tunisie"],"_links":{"self":[{"href":"https:\/\/linitiative.ca\/International\/wp-json\/wp\/v2\/posts\/64584","targetHints":{"allow":["GET"]}}],"collection":[{"href":"https:\/\/linitiative.ca\/International\/wp-json\/wp\/v2\/posts"}],"about":[{"href":"https:\/\/linitiative.ca\/International\/wp-json\/wp\/v2\/types\/post"}],"author":[{"embeddable":true,"href":"https:\/\/linitiative.ca\/International\/wp-json\/wp\/v2\/users\/1772"}],"replies":[{"embeddable":true,"href":"https:\/\/linitiative.ca\/International\/wp-json\/wp\/v2\/comments?post=64584"}],"version-history":[{"count":0,"href":"https:\/\/linitiative.ca\/International\/wp-json\/wp\/v2\/posts\/64584\/revisions"}],"wp:attachment":[{"href":"https:\/\/linitiative.ca\/International\/wp-json\/wp\/v2\/media?parent=64584"}],"wp:term":[{"taxonomy":"category","embeddable":true,"href":"https:\/\/linitiative.ca\/International\/wp-json\/wp\/v2\/categories?post=64584"},{"taxonomy":"post_tag","embeddable":true,"href":"https:\/\/linitiative.ca\/International\/wp-json\/wp\/v2\/tags?post=64584"}],"curies":[{"name":"wp","href":"https:\/\/api.w.org\/{rel}","templated":true}]}}