{"id":64585,"date":"2019-10-16T13:22:00","date_gmt":"2019-10-16T17:22:00","guid":{"rendered":"https:\/\/linitiative.ca\/International\/amine-ben-gamra-le-gonflement-de-la-dette-publique-lheritage-du-nouveau-gouvernement\/"},"modified":"2019-10-16T13:22:00","modified_gmt":"2019-10-16T17:22:00","slug":"amine-ben-gamra-le-gonflement-de-la-dette-publique-lheritage-du-nouveau-gouvernement","status":"publish","type":"post","link":"https:\/\/linitiative.ca\/International\/amine-ben-gamra-le-gonflement-de-la-dette-publique-lheritage-du-nouveau-gouvernement\/","title":{"rendered":"Amine Ben Gamra  &#8211; Le gonflement de la dette publique: l&rsquo;h\u00e9ritage du nouveau gouvernement"},"content":{"rendered":"<p>La Tunisie commencera \u00e0 partir de 2021 \u00e0 rembourser 123 cr\u00e9dits, attribu\u00e9s entre 2012 et 2016. La valeur de cette dette est estim\u00e9e \u00e0 81,725 Milliards de dinars. Les cr\u00e9dits sont r\u00e9partis entre des subventions pour le budget de l\u2019Etat accord\u00e9es par la Banque Mondiale, le Fonds Mon\u00e9taire International, la Banque Africaine de D\u00e9veloppement et des financements pour les programmes et projets issus principalement de la Banque Europ\u00e9enne d\u2019Investissement, la Banque Africaine de D\u00e9veloppement, le Fonds Arabe pour le D\u00e9veloppement Economique et Social et l\u2019Agence de coop\u00e9ration internationale du Japon.<br \/>La majorit\u00e9 de la dette publique est contract\u00e9e en euro (51,6%), suivie par le dollar (31%) et le yen japonais (11,4%). Le co\u00fbt de la dette libell\u00e9e en devises s\u2019en trouvera rench\u00e9ri par le glissement actuel du dinar. Par ailleurs, ce co\u00fbt (remboursement de la dette + charges d\u2019int\u00e9r\u00eat) absorbera 60% des recettes fiscales. D\u00e9sormais, les cons\u00e9quences sociales seront consid\u00e9rables.<\/p>\n<p>L\u2019absence d\u2019un processus d\u2019assainissement et de r\u00e9\u00e9quilibrage budg\u00e9taire ainsi que le ralentissement de la croissance devraient aggraver la situation d\u2019ici 2021. Et si la croissance ne revient pas assez rapidement, les risques que la Tunisie entre dans un cercle infernal d\u2019endettement sont \u00e9lev\u00e9s.<\/p>\n<p>Aujourd\u2019hui, la situation budg\u00e9taire appelle des actions audacieuses et courageuses. L\u2019Etat doit proc\u00e9der \u00e0 un r\u00e9\u00e9chelonnement de la dette publique en attendant que la croissance \u00e9conomique revienne assez rapidement.<\/p>\n<p class=\"c2\"><strong>Amine Ben Gamra<\/strong><br \/><em>Expert Comptable<br \/>Commissaire Aux Comptes<br \/>Membre de l&rsquo;Ordre des Experts<\/em><br \/>\u00a0<\/p>\n<p>Auteur:<br \/>\n<a href=\"https:\/\/www.leaders.com.tn\/article\/28203-le-gonflement-de-la-dette-publique-l-heritage-merdique-du-nouveau-gouvernement\">Cliquez ici pour lire l&rsquo;article depuis sa source.<\/a><\/p>\n","protected":false},"excerpt":{"rendered":"<p>La Tunisie commencera \u00e0 partir de 2021 \u00e0 rembourser 123 cr\u00e9dits, attribu\u00e9s entre 2012 et 2016. La valeur de cette dette est estim\u00e9e \u00e0 81,725 Milliards de dinars. Les cr\u00e9dits sont r\u00e9partis entre des subventions pour le budget de l\u2019Etat accord\u00e9es par la Banque Mondiale, le Fonds Mon\u00e9taire International, la Banque Africaine de D\u00e9veloppement et [&hellip;]<\/p>\n","protected":false},"author":1772,"featured_media":0,"comment_status":"closed","ping_status":"closed","sticky":false,"template":"","format":"standard","meta":{"fifu_image_url":"","fifu_image_alt":"","footnotes":""},"categories":[73,55],"tags":[],"class_list":["post-64585","post","type-post","status-publish","format-standard","hentry","category-actualite","category-tunisie"],"_links":{"self":[{"href":"https:\/\/linitiative.ca\/International\/wp-json\/wp\/v2\/posts\/64585","targetHints":{"allow":["GET"]}}],"collection":[{"href":"https:\/\/linitiative.ca\/International\/wp-json\/wp\/v2\/posts"}],"about":[{"href":"https:\/\/linitiative.ca\/International\/wp-json\/wp\/v2\/types\/post"}],"author":[{"embeddable":true,"href":"https:\/\/linitiative.ca\/International\/wp-json\/wp\/v2\/users\/1772"}],"replies":[{"embeddable":true,"href":"https:\/\/linitiative.ca\/International\/wp-json\/wp\/v2\/comments?post=64585"}],"version-history":[{"count":0,"href":"https:\/\/linitiative.ca\/International\/wp-json\/wp\/v2\/posts\/64585\/revisions"}],"wp:attachment":[{"href":"https:\/\/linitiative.ca\/International\/wp-json\/wp\/v2\/media?parent=64585"}],"wp:term":[{"taxonomy":"category","embeddable":true,"href":"https:\/\/linitiative.ca\/International\/wp-json\/wp\/v2\/categories?post=64585"},{"taxonomy":"post_tag","embeddable":true,"href":"https:\/\/linitiative.ca\/International\/wp-json\/wp\/v2\/tags?post=64585"}],"curies":[{"name":"wp","href":"https:\/\/api.w.org\/{rel}","templated":true}]}}