{"id":64586,"date":"2019-10-16T14:19:00","date_gmt":"2019-10-16T18:19:00","guid":{"rendered":"https:\/\/linitiative.ca\/International\/les-merites-de-kais-saied\/"},"modified":"2019-10-16T14:19:00","modified_gmt":"2019-10-16T18:19:00","slug":"les-merites-de-kais-saied","status":"publish","type":"post","link":"https:\/\/linitiative.ca\/International\/les-merites-de-kais-saied\/","title":{"rendered":"Les m\u00e9rites de Ka\u00efs Sa\u00efed"},"content":{"rendered":"<p class=\"MsoNormal\">Trois jours apr\u00e8s la proclamation des r\u00e9sultats du second tour, les Tunisiens ne reviennent pas encore de l\u2019\u00e9lection de Kais Sa\u00efed \u00e0 la magistrature supr\u00eame et du score qu\u2019il a obtenu. Il est vrai que l&rsquo;homme n&rsquo; a rien fait pour d\u00e9mentir tous les bobards qui circulaient \u00e0 son propos depuis quelque temps.Pour un peu, on lui aurait fait un proc\u00e8s en sorcellerie. Aux rumeurs sur ses accointances avec Ennahdha, il opposait une indiff\u00e9rence totale. On n&rsquo;arrivait ni \u00e0 le situer ni expliquer son ascension fulgurante. Tout \u00e0 leurs tiraillements, les partis n&rsquo;ont rien vu venir. Il a fallu les r\u00e9sultats des sondages qui faisaient \u00e9tat pour la premi\u00e8re fois d&rsquo;une avanc\u00e9e significative de cet homme pour qu&rsquo;on commence \u00e0 le prendre au s\u00e9rieux. Un \u00e9v\u00e8nement d&rsquo;importance s&rsquo;est produit\u00a0 le jour de la r\u00e9vision des listes \u00e9lectorales. Plus d&rsquo;un million de personnes se sont fait inscire en 48 heures, sans soulever la moindre r\u00e9action dans le microcosme politique. En fait, c&rsquo;\u00e9tait les partisans de Ka\u00efs Sa\u00efed. On saura plus tard qu&rsquo;il avait entam\u00e9 sa campagne \u00e9lectorale depuis six ans. Pendant toute cette p\u00e9riode, il avait sillonn\u00e9 le pays de long en large en pr\u00eachant les jeunes, les dipl\u00f4m\u00e9s du sup\u00e9rieur ch\u00f4meurs, tous ces laiss\u00e9s-pour-compte qu&rsquo;on croyait r\u00e9tifs \u00e0 la politique.<\/p>\n<p class=\"MsoNormal\">Le salut de la Tunisie viendra peut-\u00eatre de ces gens-l\u00e0. Ka\u00efs Sa\u00efed a eu la pr\u00e9sence d&rsquo;esprit de faire appel \u00e0 eux en exploitant \u00e0 fond les moyens de communication moderne. A lui seul, il a chang\u00e9 les rapports de force qui \u00e9taient fig\u00e9s pendant des ann\u00e9es et introduit une bouff\u00e9e d&rsquo;air frais dans une classe politique fossilis\u00e9e,corrompue et compl\u00e8tement d\u00e9connect\u00e9e du pays r\u00e9el. Et tout cela, sans\u00a0 jouer sur la mis\u00e8re des gens, mais en les conscientisant et en les sensibilisant aux vrais d\u00e9fis du pays.<\/p>\n<p>Auteur:<br \/>\n<a href=\"https:\/\/www.leaders.com.tn\/article\/28206-les-merites-de-kais-saied\">Cliquez ici pour lire l&rsquo;article depuis sa source.<\/a><\/p>\n","protected":false},"excerpt":{"rendered":"<p>Trois jours apr\u00e8s la proclamation des r\u00e9sultats du second tour, les Tunisiens ne reviennent pas encore de l\u2019\u00e9lection de Kais Sa\u00efed \u00e0 la magistrature supr\u00eame et du score qu\u2019il a obtenu. Il est vrai que l&rsquo;homme n&rsquo; a rien fait pour d\u00e9mentir tous les bobards qui circulaient \u00e0 son propos depuis quelque temps.Pour un peu, [&hellip;]<\/p>\n","protected":false},"author":1772,"featured_media":0,"comment_status":"closed","ping_status":"closed","sticky":false,"template":"","format":"standard","meta":{"fifu_image_url":"","fifu_image_alt":"","footnotes":""},"categories":[73,55],"tags":[],"class_list":["post-64586","post","type-post","status-publish","format-standard","hentry","category-actualite","category-tunisie"],"_links":{"self":[{"href":"https:\/\/linitiative.ca\/International\/wp-json\/wp\/v2\/posts\/64586","targetHints":{"allow":["GET"]}}],"collection":[{"href":"https:\/\/linitiative.ca\/International\/wp-json\/wp\/v2\/posts"}],"about":[{"href":"https:\/\/linitiative.ca\/International\/wp-json\/wp\/v2\/types\/post"}],"author":[{"embeddable":true,"href":"https:\/\/linitiative.ca\/International\/wp-json\/wp\/v2\/users\/1772"}],"replies":[{"embeddable":true,"href":"https:\/\/linitiative.ca\/International\/wp-json\/wp\/v2\/comments?post=64586"}],"version-history":[{"count":0,"href":"https:\/\/linitiative.ca\/International\/wp-json\/wp\/v2\/posts\/64586\/revisions"}],"wp:attachment":[{"href":"https:\/\/linitiative.ca\/International\/wp-json\/wp\/v2\/media?parent=64586"}],"wp:term":[{"taxonomy":"category","embeddable":true,"href":"https:\/\/linitiative.ca\/International\/wp-json\/wp\/v2\/categories?post=64586"},{"taxonomy":"post_tag","embeddable":true,"href":"https:\/\/linitiative.ca\/International\/wp-json\/wp\/v2\/tags?post=64586"}],"curies":[{"name":"wp","href":"https:\/\/api.w.org\/{rel}","templated":true}]}}