{"id":64587,"date":"2019-10-16T15:42:00","date_gmt":"2019-10-16T19:42:00","guid":{"rendered":"https:\/\/linitiative.ca\/International\/nabil-karoui-pas-de-recours-contre-les-resultats-des-elections\/"},"modified":"2019-10-16T15:42:00","modified_gmt":"2019-10-16T19:42:00","slug":"nabil-karoui-pas-de-recours-contre-les-resultats-des-elections","status":"publish","type":"post","link":"https:\/\/linitiative.ca\/International\/nabil-karoui-pas-de-recours-contre-les-resultats-des-elections\/","title":{"rendered":"Nabil Karoui: pas de recours  contre les r\u00e9sultats des \u00e9lections"},"content":{"rendered":"<p>Nabil Karoui a r\u00e9it\u00e9r\u00e9 ses f\u00e9licitations \u00e0 son comp\u00e9titeur Ka\u00efs Sa\u00efed lui souhaitant plein succ\u00e8s dans fonctions et confirm\u00e9 qu\u2019il n\u2019intenterait aucun recours contre les r\u00e9sultats du second tour. Il avait a pris cette d\u00e9cision apr\u00e8s consultation\u00a0 des cadres de son parti.<\/p>\n<p>Nabil Karoui a \u00e9galement\u00a0 remerci\u00e9 l\u2019Isie pour ses efforts\u00a0 et son souci de r\u00e9ussir ces \u00e9lections et partant, la transition d\u00e9mocratique, les d\u00e9put\u00e9s, les coalitions,\u00a0 les partis, les ind\u00e9pendants, les composantes de la soci\u00e9t\u00e9 civile, et l\u2019arm\u00e9e, et les forces de l\u2019ordre pour avoir assur\u00e9 le bon d\u00e9roulement des \u00e9lections<br \/>\u00a0<\/p>\n<p>Auteur:<br \/>\n<a href=\"https:\/\/www.leaders.com.tn\/article\/28207-nabil-karoui-pas-de-recours-contre-les-resultats-des-elections\">Cliquez ici pour lire l&rsquo;article depuis sa source.<\/a><\/p>\n","protected":false},"excerpt":{"rendered":"<p>Nabil Karoui a r\u00e9it\u00e9r\u00e9 ses f\u00e9licitations \u00e0 son comp\u00e9titeur Ka\u00efs Sa\u00efed lui souhaitant plein succ\u00e8s dans fonctions et confirm\u00e9 qu\u2019il n\u2019intenterait aucun recours contre les r\u00e9sultats du second tour. Il avait a pris cette d\u00e9cision apr\u00e8s consultation\u00a0 des cadres de son parti. Nabil Karoui a \u00e9galement\u00a0 remerci\u00e9 l\u2019Isie pour ses efforts\u00a0 et son souci de [&hellip;]<\/p>\n","protected":false},"author":1772,"featured_media":0,"comment_status":"closed","ping_status":"closed","sticky":false,"template":"","format":"standard","meta":{"fifu_image_url":"","fifu_image_alt":"","footnotes":""},"categories":[73,55],"tags":[],"class_list":["post-64587","post","type-post","status-publish","format-standard","hentry","category-actualite","category-tunisie"],"_links":{"self":[{"href":"https:\/\/linitiative.ca\/International\/wp-json\/wp\/v2\/posts\/64587","targetHints":{"allow":["GET"]}}],"collection":[{"href":"https:\/\/linitiative.ca\/International\/wp-json\/wp\/v2\/posts"}],"about":[{"href":"https:\/\/linitiative.ca\/International\/wp-json\/wp\/v2\/types\/post"}],"author":[{"embeddable":true,"href":"https:\/\/linitiative.ca\/International\/wp-json\/wp\/v2\/users\/1772"}],"replies":[{"embeddable":true,"href":"https:\/\/linitiative.ca\/International\/wp-json\/wp\/v2\/comments?post=64587"}],"version-history":[{"count":0,"href":"https:\/\/linitiative.ca\/International\/wp-json\/wp\/v2\/posts\/64587\/revisions"}],"wp:attachment":[{"href":"https:\/\/linitiative.ca\/International\/wp-json\/wp\/v2\/media?parent=64587"}],"wp:term":[{"taxonomy":"category","embeddable":true,"href":"https:\/\/linitiative.ca\/International\/wp-json\/wp\/v2\/categories?post=64587"},{"taxonomy":"post_tag","embeddable":true,"href":"https:\/\/linitiative.ca\/International\/wp-json\/wp\/v2\/tags?post=64587"}],"curies":[{"name":"wp","href":"https:\/\/api.w.org\/{rel}","templated":true}]}}