{"id":64588,"date":"2019-10-16T15:57:00","date_gmt":"2019-10-16T19:57:00","guid":{"rendered":"https:\/\/linitiative.ca\/International\/le-nouveau-president-pretera-serment-a-la-fin-de-la-semaine-prochaine\/"},"modified":"2019-10-16T15:57:00","modified_gmt":"2019-10-16T19:57:00","slug":"le-nouveau-president-pretera-serment-a-la-fin-de-la-semaine-prochaine","status":"publish","type":"post","link":"https:\/\/linitiative.ca\/International\/le-nouveau-president-pretera-serment-a-la-fin-de-la-semaine-prochaine\/","title":{"rendered":"Le nouveau pr\u00e9sident pr\u00eatera serment \u00e0 la fin de la semaine prochaine"},"content":{"rendered":"<p>En l&rsquo;absence de recours contre les r\u00e9sultats des \u00e9lections, l\u2019ISIE annoncera jeudi officiellement la victoire du candidat Ka\u00efs Sa\u00efed au second tour de la pr\u00e9sidentielle.<br \/>Conform\u00e9ment \u00e0 la constitution\u00a0 le conseil de l\u2019ISIE informera officiellement l&rsquo;ARP des r\u00e9sultats d\u00e9finitifs de la pr\u00e9sidentielle. Une s\u00e9ance pl\u00e9ni\u00e8re extraordinaire de l&rsquo;Arp s&rsquo;ensuivra probablement \u00e0 la fin de la semaine prochaine en pr\u00e9sence des d\u00e9put\u00e9s sortants au cours de laquelle le nouveau pr\u00e9sident \u00e9lu pr\u00eatera serment.<\/p>\n<p>Auteur:<br \/>\n<a href=\"https:\/\/www.leaders.com.tn\/article\/28208-le-nouveau-president-pretera-serment-a-la-fin-de-la-semaine-prochaine\">Cliquez ici pour lire l&rsquo;article depuis sa source.<\/a><\/p>\n","protected":false},"excerpt":{"rendered":"<p>En l&rsquo;absence de recours contre les r\u00e9sultats des \u00e9lections, l\u2019ISIE annoncera jeudi officiellement la victoire du candidat Ka\u00efs Sa\u00efed au second tour de la pr\u00e9sidentielle.Conform\u00e9ment \u00e0 la constitution\u00a0 le conseil de l\u2019ISIE informera officiellement l&rsquo;ARP des r\u00e9sultats d\u00e9finitifs de la pr\u00e9sidentielle. Une s\u00e9ance pl\u00e9ni\u00e8re extraordinaire de l&rsquo;Arp s&rsquo;ensuivra probablement \u00e0 la fin de la semaine [&hellip;]<\/p>\n","protected":false},"author":1772,"featured_media":0,"comment_status":"closed","ping_status":"closed","sticky":false,"template":"","format":"standard","meta":{"fifu_image_url":"","fifu_image_alt":"","footnotes":""},"categories":[73,55],"tags":[],"class_list":["post-64588","post","type-post","status-publish","format-standard","hentry","category-actualite","category-tunisie"],"_links":{"self":[{"href":"https:\/\/linitiative.ca\/International\/wp-json\/wp\/v2\/posts\/64588","targetHints":{"allow":["GET"]}}],"collection":[{"href":"https:\/\/linitiative.ca\/International\/wp-json\/wp\/v2\/posts"}],"about":[{"href":"https:\/\/linitiative.ca\/International\/wp-json\/wp\/v2\/types\/post"}],"author":[{"embeddable":true,"href":"https:\/\/linitiative.ca\/International\/wp-json\/wp\/v2\/users\/1772"}],"replies":[{"embeddable":true,"href":"https:\/\/linitiative.ca\/International\/wp-json\/wp\/v2\/comments?post=64588"}],"version-history":[{"count":0,"href":"https:\/\/linitiative.ca\/International\/wp-json\/wp\/v2\/posts\/64588\/revisions"}],"wp:attachment":[{"href":"https:\/\/linitiative.ca\/International\/wp-json\/wp\/v2\/media?parent=64588"}],"wp:term":[{"taxonomy":"category","embeddable":true,"href":"https:\/\/linitiative.ca\/International\/wp-json\/wp\/v2\/categories?post=64588"},{"taxonomy":"post_tag","embeddable":true,"href":"https:\/\/linitiative.ca\/International\/wp-json\/wp\/v2\/tags?post=64588"}],"curies":[{"name":"wp","href":"https:\/\/api.w.org\/{rel}","templated":true}]}}