{"id":64589,"date":"2019-10-16T06:00:00","date_gmt":"2019-10-16T10:00:00","guid":{"rendered":"https:\/\/linitiative.ca\/International\/le-ministere-de-la-solidarite-veut-demarcher-les-diplomes\/"},"modified":"2019-10-16T06:00:00","modified_gmt":"2019-10-16T10:00:00","slug":"le-ministere-de-la-solidarite-veut-demarcher-les-diplomes","status":"publish","type":"post","link":"https:\/\/linitiative.ca\/International\/le-ministere-de-la-solidarite-veut-demarcher-les-diplomes\/","title":{"rendered":"Le minist\u00e8re de la Solidarit\u00e9 veut d\u00e9marcher les dipl\u00f4m\u00e9s"},"content":{"rendered":"<p>Deux conventions de partenariat ont \u00e9t\u00e9 sign\u00e9es hier, entre le minist\u00e8re de la Solidarit\u00e9 nationale, de la Famille et de la Condition de la femme et les minist\u00e8res de l\u2019Enseignement sup\u00e9rieur, de l\u2019Enseignement et de la Formation professionnels. Elles visent \u00e0 encourager les dipl\u00f4m\u00e9s des deux secteurs d\u2019opter pour l\u2019entrepreneuriat.<br \/>Rym Nasri &#8211; Alger (Le Soir) &#8211; Le minist\u00e8re de la Solidarit\u00e9 accorde un int\u00e9r\u00eat particulier \u00e0 l\u2019entrepreneuriat et \u00e0 la cr\u00e9ation de la micro-activit\u00e9 notamment chez les jeunes. Pour lui, il s\u2019agit d\u2019un important vecteur de d\u00e9veloppement \u00e9conomique. Il ne cesse, ainsi, de renforcer les dispositifs et les m\u00e9canismes mis en place pour la r\u00e9ussite de cette strat\u00e9gie \u00e9conomique.<br \/>C\u2019est dans ce sens qu\u2019il a sign\u00e9 une convention de partenariat avec le minist\u00e8re de l\u2019Enseignement sup\u00e9rieur, et une autre avec le minist\u00e8re de l\u2019Enseignement de la Formation professionnels.<br \/>La premi\u00e8re convention porte sur la promotion du dispositif du microcr\u00e9dit dans le milieu universitaire et la seconde sur l\u2019insertion professionnelle des dipl\u00f4m\u00e9s du secteur de l\u2019enseignement et de la formation professionnels.<br \/>\u00abLa convention sign\u00e9e avec le minist\u00e8re de l\u2019Enseignement sup\u00e9rieur vise \u00e0 attirer les dipl\u00f4m\u00e9s universitaires vers le monde de l\u2019entrepreneuriat. D\u2019ailleurs, le salon enregistre la participation d\u2019exemples encourageants. La seconde convention consiste, elle, \u00e0 aider les dipl\u00f4m\u00e9s du secteur de l\u2019enseignement et de la formation professionnels \u00e0 b\u00e9n\u00e9ficier des microcr\u00e9dits et lutter ainsi contre le ch\u00f4mage\u00bb, expliquait Ghania Eddalia, la ministre de la Solidarit\u00e9 nationale, de la Famille et de la Condition de la femme, hier, en marge du Salon national de la micro-activit\u00e9, tenu \u00e0 l\u2019Office Riadh-el-Feth \u00e0 Alger.<br \/>Plac\u00e9 sous le th\u00e8me \u00abL\u2019entrepreneuriat, un pari d\u2019avenir\u00bb, ce rendez-vous des entrepreneurs a connu la participation de plus de 140 exposants b\u00e9n\u00e9ficiaires du dispositif du microcr\u00e9dit, venus de plusieurs wilayas du pays. La ministre du secteur a soulign\u00e9, d\u2019ailleurs, une importante participation de la femme rurale.<br \/>Organis\u00e9e par l\u2019Agence nationale de gestion du micro-cr\u00e9dit, cette manifestation, qui se poursuit jusqu\u2019au jeudi 17 octobre, intervient, en premier lieu, dans le but de mettre en exergue les opportunit\u00e9s entrepreneuriales existantes mais aussi afin de permettre aux diff\u00e9rents exposants de promouvoir leurs produits et de les commercialiser.<br \/>Ry. N.<\/p>\n<p>Auteur:<br \/>\n<a href=\"https:\/\/www.lesoirdalgerie.com\/actualites\/le-ministere-de-la-solidarite-veut-demarcher-les-diplomes-32004\">Cliquez ici pour lire l&rsquo;article depuis sa source.<\/a><\/p>\n","protected":false},"excerpt":{"rendered":"<p>Deux conventions de partenariat ont \u00e9t\u00e9 sign\u00e9es hier, entre le minist\u00e8re de la Solidarit\u00e9 nationale, de la Famille et de la Condition de la femme et les minist\u00e8res de l\u2019Enseignement sup\u00e9rieur, de l\u2019Enseignement et de la Formation professionnels. Elles visent \u00e0 encourager les dipl\u00f4m\u00e9s des deux secteurs d\u2019opter pour l\u2019entrepreneuriat.Rym Nasri &#8211; Alger (Le Soir) [&hellip;]<\/p>\n","protected":false},"author":1741,"featured_media":0,"comment_status":"closed","ping_status":"closed","sticky":false,"template":"","format":"standard","meta":{"fifu_image_url":"","fifu_image_alt":"","footnotes":""},"categories":[73,53],"tags":[],"class_list":["post-64589","post","type-post","status-publish","format-standard","hentry","category-actualite","category-algerie"],"_links":{"self":[{"href":"https:\/\/linitiative.ca\/International\/wp-json\/wp\/v2\/posts\/64589","targetHints":{"allow":["GET"]}}],"collection":[{"href":"https:\/\/linitiative.ca\/International\/wp-json\/wp\/v2\/posts"}],"about":[{"href":"https:\/\/linitiative.ca\/International\/wp-json\/wp\/v2\/types\/post"}],"author":[{"embeddable":true,"href":"https:\/\/linitiative.ca\/International\/wp-json\/wp\/v2\/users\/1741"}],"replies":[{"embeddable":true,"href":"https:\/\/linitiative.ca\/International\/wp-json\/wp\/v2\/comments?post=64589"}],"version-history":[{"count":0,"href":"https:\/\/linitiative.ca\/International\/wp-json\/wp\/v2\/posts\/64589\/revisions"}],"wp:attachment":[{"href":"https:\/\/linitiative.ca\/International\/wp-json\/wp\/v2\/media?parent=64589"}],"wp:term":[{"taxonomy":"category","embeddable":true,"href":"https:\/\/linitiative.ca\/International\/wp-json\/wp\/v2\/categories?post=64589"},{"taxonomy":"post_tag","embeddable":true,"href":"https:\/\/linitiative.ca\/International\/wp-json\/wp\/v2\/tags?post=64589"}],"curies":[{"name":"wp","href":"https:\/\/api.w.org\/{rel}","templated":true}]}}