{"id":64591,"date":"2019-10-16T06:00:00","date_gmt":"2019-10-16T10:00:00","guid":{"rendered":"https:\/\/linitiative.ca\/International\/il-ne-faut-pas-trop-saffoler-rassure-le-ministere-de-la-sante\/"},"modified":"2019-10-16T06:00:00","modified_gmt":"2019-10-16T10:00:00","slug":"il-ne-faut-pas-trop-saffoler-rassure-le-ministere-de-la-sante","status":"publish","type":"post","link":"https:\/\/linitiative.ca\/International\/il-ne-faut-pas-trop-saffoler-rassure-le-ministere-de-la-sante\/","title":{"rendered":"\u00abIl ne faut pas trop s\u2019affoler\u00bb, rassure le minist\u00e8re de la Sant\u00e9"},"content":{"rendered":"<p>L\u2019apparition des cas de m\u00e9ningite commence \u00e0 se propager vers d\u2019autres wilayas. Actuellement, quatre wilayas sont touch\u00e9es. Il s\u2019agit de Jijel, Biskra, El Oued et, derni\u00e8rement, Batna. Selon le directeur g\u00e9n\u00e9ral de la pr\u00e9vention au minist\u00e8re de la Sant\u00e9, il s\u2019agit de cas de m\u00e9ningites saisonni\u00e8res virales. \u00abPas de quoi s\u2019affoler\u00bb, estime le docteur Fourar.<br \/>Salima Akkouche &#8211; Alger (Le Soir) &#8211; Le dernier communiqu\u00e9 du minist\u00e8re de la Sant\u00e9 sur le bilan de la m\u00e9ningite fait \u00e9tat de 126 cas apparus dans trois wilayas. Cependant, le virus commence \u00e0 se propager vers d\u2019autres wilayas.<br \/>S\u2019exprimant, hier mardi sur les ondes de la Radio nationale Cha\u00eene 3, le directeur g\u00e9n\u00e9ral de la pr\u00e9vention au minist\u00e8re de la Sant\u00e9 a indiqu\u00e9 que quatre wilayas sont actuellement touch\u00e9es par l\u2019apparition des cas de m\u00e9ningite. Il s\u2019agit des wilayas d\u2019El Oued o\u00f9 le nombre de cas contamin\u00e9 a atteint 93 cas, de Biskra avec 22 cas, de Jijel o\u00f9 le nombre de cas est pass\u00e9 d\u2019une trentaine \u00e0 une cinquantaine, et, enfin, de Batna avec une vingtaine de cas de contamination.<br \/>La vitesse \u00e0 laquelle se propage le virus pr\u00e9occupe les parents. Cependant, selon le docteur Fourar, \u00ab il ne faut pas trop s\u2019affoler, ce sont des cas de m\u00e9ningite saisonni\u00e8re qui profitent des conditions climatiques favorables, \u00e0 savoir des fortes temp\u00e9ratures et un taux d\u2019humidit\u00e9 \u00e9lev\u00e9\u00bb.<br \/>Selon lui, l\u2019Alg\u00e9rie a d\u00e9j\u00e0 v\u00e9cu des situations pareilles, sans gravit\u00e9 notable. Malgr\u00e9 cette importante ampleur, dit-il, le pronostic vital des sujets atteints de ce virus n\u2019est pas engag\u00e9.<br \/>Le docteur Fourar a indiqu\u00e9 que la m\u00e9ningite touche, dans 95% des cas, des personnes \u00e2g\u00e9es de moins de 15 ans mais elle permet de gu\u00e9rir spontan\u00e9ment et elle n\u00e9cessite entre trois \u00e0 quatre jours d\u2019hospitalisation, voire une semaine. Or, souligne-t-il, s\u2019il y a encore des cas d\u2019hospitalisation, c\u2019est parce que \u00ables gens hospitalisent d\u2019une mani\u00e8re abusive\u00bb.<br \/>L\u2019invit\u00e9 de la r\u00e9daction assure que le minist\u00e8re de la Sant\u00e9 reste vigilant et lorsqu\u2019il y a un cas suspect, la Direction de la pr\u00e9vention \u00abprend les mesures ad\u00e9quates\u00bb. Une enqu\u00eate, affirme-t-il, est aussi r\u00e9alis\u00e9e autour de chaque cas atteint et de sa famille. Par ailleurs, \u00e9voquant la r\u00e9ticence des parents \u00e0 faire vacciner leur enfants, le docteur Fourar a rappel\u00e9 que l\u2019ann\u00e9e derni\u00e8re, l\u2019\u00e9pid\u00e9mie de la rougeole a touch\u00e9 20 000 enfants dont 20 sont d\u00e9c\u00e9d\u00e9s.<br \/>Qualifiant la campagne nationale de vaccination lanc\u00e9e l\u2019an dernier de \u00ab ratage \u00bb, le directeur g\u00e9n\u00e9ral de la pr\u00e9vention a soulign\u00e9 que sept millions de doses de vaccins contre la rougeole ont \u00e9t\u00e9 achet\u00e9es. Or, le taux de couverture \u00e9tait de seulement 45%.<br \/>Cette situation, souligne-t-il, n\u2019est pas propre \u00e0 l\u2019Alg\u00e9rie, puisque, poursuit-il, l\u2019\u00e9pid\u00e9mie de la rougeole a touch\u00e9 de nombreux pays, toujours, en raison de la r\u00e9ticence \u00e0 la vaccination.<\/p>\n<p><strong>\u00abCampagne nationale de vaccination contre la grippe fin octobre \u00bb<\/strong><br \/>Le directeur g\u00e9n\u00e9ral de la pr\u00e9vention a expliqu\u00e9 le retard du lancement de la campagne nationale de vaccination contre la grippe saisonni\u00e8re par le fait que \u00abl\u2019OMS a mis du temps pour identifier les virus de grippe saisonni\u00e8re en circulation cette ann\u00e9e\u00bb.<br \/>Les premi\u00e8res doses de vaccins, dit-il, commencent \u00e0 arriver et la campagne nationale de vaccination sera lanc\u00e9e apr\u00e8s l\u2019acquisition de la totalit\u00e9 de la commande de 2,5 millions de doses.<br \/>Le docteur Fourar pr\u00e9voit le lancement de cette campagne vers le 20 ou la fin du mois d\u2019octobre.<br \/>S. A.<\/p>\n<p>Auteur:<br \/>\n<a href=\"https:\/\/www.lesoirdalgerie.com\/actualites\/il-ne-faut-pas-trop-saffoler-rassure-le-ministere-de-la-sante-32002\">Cliquez ici pour lire l&rsquo;article depuis sa source.<\/a><\/p>\n","protected":false},"excerpt":{"rendered":"<p>L\u2019apparition des cas de m\u00e9ningite commence \u00e0 se propager vers d\u2019autres wilayas. Actuellement, quatre wilayas sont touch\u00e9es. Il s\u2019agit de Jijel, Biskra, El Oued et, derni\u00e8rement, Batna. Selon le directeur g\u00e9n\u00e9ral de la pr\u00e9vention au minist\u00e8re de la Sant\u00e9, il s\u2019agit de cas de m\u00e9ningites saisonni\u00e8res virales. \u00abPas de quoi s\u2019affoler\u00bb, estime le docteur Fourar.Salima [&hellip;]<\/p>\n","protected":false},"author":1741,"featured_media":0,"comment_status":"closed","ping_status":"closed","sticky":false,"template":"","format":"standard","meta":{"fifu_image_url":"","fifu_image_alt":"","footnotes":""},"categories":[73,53],"tags":[],"class_list":["post-64591","post","type-post","status-publish","format-standard","hentry","category-actualite","category-algerie"],"_links":{"self":[{"href":"https:\/\/linitiative.ca\/International\/wp-json\/wp\/v2\/posts\/64591","targetHints":{"allow":["GET"]}}],"collection":[{"href":"https:\/\/linitiative.ca\/International\/wp-json\/wp\/v2\/posts"}],"about":[{"href":"https:\/\/linitiative.ca\/International\/wp-json\/wp\/v2\/types\/post"}],"author":[{"embeddable":true,"href":"https:\/\/linitiative.ca\/International\/wp-json\/wp\/v2\/users\/1741"}],"replies":[{"embeddable":true,"href":"https:\/\/linitiative.ca\/International\/wp-json\/wp\/v2\/comments?post=64591"}],"version-history":[{"count":0,"href":"https:\/\/linitiative.ca\/International\/wp-json\/wp\/v2\/posts\/64591\/revisions"}],"wp:attachment":[{"href":"https:\/\/linitiative.ca\/International\/wp-json\/wp\/v2\/media?parent=64591"}],"wp:term":[{"taxonomy":"category","embeddable":true,"href":"https:\/\/linitiative.ca\/International\/wp-json\/wp\/v2\/categories?post=64591"},{"taxonomy":"post_tag","embeddable":true,"href":"https:\/\/linitiative.ca\/International\/wp-json\/wp\/v2\/tags?post=64591"}],"curies":[{"name":"wp","href":"https:\/\/api.w.org\/{rel}","templated":true}]}}