{"id":64593,"date":"2019-10-16T06:00:00","date_gmt":"2019-10-16T10:00:00","guid":{"rendered":"https:\/\/linitiative.ca\/International\/mobilisation-pour-la-marche-et-denonciation-des-appels-a-la-greve-generale\/"},"modified":"2019-10-16T06:00:00","modified_gmt":"2019-10-16T10:00:00","slug":"mobilisation-pour-la-marche-et-denonciation-des-appels-a-la-greve-generale","status":"publish","type":"post","link":"https:\/\/linitiative.ca\/International\/mobilisation-pour-la-marche-et-denonciation-des-appels-a-la-greve-generale\/","title":{"rendered":"Mobilisation pour la marche et d\u00e9nonciation des appels \u00e0 la gr\u00e8ve g\u00e9n\u00e9rale"},"content":{"rendered":"<p>La manifestation hebdomadaire des \u00e9tudiants, observ\u00e9e, hier ,comme tous les mardis depuis la r\u00e9volte populaire du 22 f\u00e9vrier dernier contre le r\u00e9gime politique, a connu, une nouvelle fois, un franc succ\u00e8s.<br \/>Des milliers d\u2019\u00e9tudiants accompagn\u00e9s par des enseignants , des travailleurs de l\u2019universit\u00e9 Abderrahmane-Mira qui ont \u00e9t\u00e9 rejoints par la communaut\u00e9 de l\u2019\u00e9ducation, des ouvriers et autres fonctionnaires de l\u2019administration publique, notamment communale, ont envahi la rue au niveau du chef-lieu de wilaya, \u00e0 l\u2019appel d\u2019un groupe de syndicats autonomes , des partis politiques \u00e0 l\u2019image du PT et PST, avec le m\u00eame mot d\u2019ordre en faveur d\u2019un changement radical du syst\u00e8me et le d\u00e9part de l&rsquo;ensemble de ses \u00abb\u00e9quilles\u00bb.<br \/>L\u2019immense cort\u00e8ge des \u00e9tudiants s\u2019est \u00e9branl\u00e9 comme d\u2019habitude du campus universitaire de Targa Ouzemour alors que la marche initi\u00e9e par les autres organisations syndicales, politiques et de la soci\u00e9t\u00e9 civile, a pris le d\u00e9part de l\u2019esplanade de la Maison de la culture.<br \/>Durant le trajet de la marche, qui s&rsquo;est d\u00e9roul\u00e9e dans une ambiance de f\u00eate ,l&rsquo;immense foule a \u00e9ruct\u00e9 sa col\u00e8re contre les tenants du pouvoir dont elle r\u00e9clame le d\u00e9part. Il convient de signaler que contrairement \u00e0 la d\u00e9monstration de rue qui enregistre la participation d&rsquo;une imposante foule de manifestants, le mot d&rsquo;ordre d&rsquo;une gr\u00e8ve g\u00e9n\u00e9rale dans tous les secteurs d&rsquo;activit\u00e9s, lanc\u00e9 par les syndicats autonomes, le PT et le PST, l&rsquo;Avo 88 , la Laddh , le GAA et le Snapap, a \u00e9t\u00e9 tr\u00e8s faiblement suivi, \u00e0 l&rsquo;exception de certains \u00e9tablissements scolaires qui ont \u00e9t\u00e9 ferm\u00e9s et les communaux \u00e0 l&rsquo;appel du Snapap.<br \/>En effet, les commerces et les autres secteurs d\u2019activit\u00e9s publics et priv\u00e9s, \u00e0 travers toute la wilaya ,ont travaill\u00e9 le plus normalement du monde, hier.<br \/>A. Kersani<\/p>\n<p>Auteur:<br \/>\n<a href=\"https:\/\/www.lesoirdalgerie.com\/actualites\/mobilisation-pour-la-marche-et-denonciation-des-appels-a-la-greve-generale-32000\">Cliquez ici pour lire l&rsquo;article depuis sa source.<\/a><\/p>\n","protected":false},"excerpt":{"rendered":"<p>La manifestation hebdomadaire des \u00e9tudiants, observ\u00e9e, hier ,comme tous les mardis depuis la r\u00e9volte populaire du 22 f\u00e9vrier dernier contre le r\u00e9gime politique, a connu, une nouvelle fois, un franc succ\u00e8s.Des milliers d\u2019\u00e9tudiants accompagn\u00e9s par des enseignants , des travailleurs de l\u2019universit\u00e9 Abderrahmane-Mira qui ont \u00e9t\u00e9 rejoints par la communaut\u00e9 de l\u2019\u00e9ducation, des ouvriers et [&hellip;]<\/p>\n","protected":false},"author":1741,"featured_media":0,"comment_status":"closed","ping_status":"closed","sticky":false,"template":"","format":"standard","meta":{"fifu_image_url":"","fifu_image_alt":"","footnotes":""},"categories":[73,53],"tags":[],"class_list":["post-64593","post","type-post","status-publish","format-standard","hentry","category-actualite","category-algerie"],"_links":{"self":[{"href":"https:\/\/linitiative.ca\/International\/wp-json\/wp\/v2\/posts\/64593","targetHints":{"allow":["GET"]}}],"collection":[{"href":"https:\/\/linitiative.ca\/International\/wp-json\/wp\/v2\/posts"}],"about":[{"href":"https:\/\/linitiative.ca\/International\/wp-json\/wp\/v2\/types\/post"}],"author":[{"embeddable":true,"href":"https:\/\/linitiative.ca\/International\/wp-json\/wp\/v2\/users\/1741"}],"replies":[{"embeddable":true,"href":"https:\/\/linitiative.ca\/International\/wp-json\/wp\/v2\/comments?post=64593"}],"version-history":[{"count":0,"href":"https:\/\/linitiative.ca\/International\/wp-json\/wp\/v2\/posts\/64593\/revisions"}],"wp:attachment":[{"href":"https:\/\/linitiative.ca\/International\/wp-json\/wp\/v2\/media?parent=64593"}],"wp:term":[{"taxonomy":"category","embeddable":true,"href":"https:\/\/linitiative.ca\/International\/wp-json\/wp\/v2\/categories?post=64593"},{"taxonomy":"post_tag","embeddable":true,"href":"https:\/\/linitiative.ca\/International\/wp-json\/wp\/v2\/tags?post=64593"}],"curies":[{"name":"wp","href":"https:\/\/api.w.org\/{rel}","templated":true}]}}