{"id":64594,"date":"2019-10-16T09:41:28","date_gmt":"2019-10-16T13:41:28","guid":{"rendered":"https:\/\/linitiative.ca\/International\/lld-badeel-mise-sur-linnovation-pour-doper-son-business\/"},"modified":"2019-10-16T09:41:28","modified_gmt":"2019-10-16T13:41:28","slug":"lld-badeel-mise-sur-linnovation-pour-doper-son-business","status":"publish","type":"post","link":"https:\/\/linitiative.ca\/International\/lld-badeel-mise-sur-linnovation-pour-doper-son-business\/","title":{"rendered":"LLD : Badeel mise sur l\u2019innovation pour doper son business"},"content":{"rendered":"<p><strong>Offrir les services d\u2019un loueur de longue dur\u00e9e sans les contraintes d\u2019engagement de temps et de kilom\u00e9trage, telle est la promesse sur laquelle s\u2019appuie Badeel pour \u00e9largir son panel clients.<\/strong><\/p>\n<div class=\"c10\"\/>\n<p>Concr\u00e8tement, cet op\u00e9rateur sp\u00e9cialis\u00e9 en mati\u00e8re de location longue dur\u00e9e (LLD) ambitionne de convertir le plus grand nombre d\u2019automobilistes marocains aux solutions d\u2019acc\u00e8s \u00e0 la mobilit\u00e9. Ce qui suppose une autre question\u00a0: est-il plus avantageux financi\u00e8rement \u00e0 l\u2019heure actuelle d\u2019acheter un v\u00e9hicule ou, finalement, de le louer\u00a0? Cette \u00e9quation ne fait aucun doute au sein du staff de Badeel qui, chiffre \u00e0 l\u2019appui, d\u00e9montre ais\u00e9ment que la location de v\u00e9hicule constitue r\u00e9ellement une option plus avantageuse sur bien des plans.<\/p>\n<p>Dans le d\u00e9tail, cette entreprise permet \u00e0 ces clients de changer tous les 15 mois et ce, sur toute la dur\u00e9e du contrat (60 mois), le v\u00e9hicule utilis\u00e9 contre un v\u00e9hicule neuf. Qu\u2019il soit particulier, profession lib\u00e9rale ou entreprise, chaque client a, selon l\u2019op\u00e9rateur, la libert\u00e9 de choisir la nouvelle g\u00e9n\u00e9ration du m\u00eame mod\u00e8le dont il disposait ou un autre dans une cat\u00e9gorie diff\u00e9rente (sup\u00e9rieure ou inf\u00e9rieure).<\/p>\n<p>Une offre qui s\u2019articule autour d\u2019une mensualit\u00e9 int\u00e9grant l\u2019ensemble des charges (vignettes et taxes, entretiens, forfaits kilom\u00e9triques, entretien \u00e0 domicile\u2026). Par ailleurs, les frais de r\u00e9parations \u00e9ventuelles, ainsi que les risques li\u00e9s \u00e0 l\u2019obsolescence des technologies de motorisation et au vieillissement des v\u00e9hicules, \u00e0 l\u2019origine de sa d\u00e9pr\u00e9ciation au moment de la revente, se r\u00e9duisent consid\u00e9rablement ou disparaissent toujours selon l\u2019op\u00e9rateur.<\/p>\n<p>Deux types d\u2019offres flexibles et ajustables sont propos\u00e9es \u00e0 l\u2019attention du client, d\u00e9nomm\u00e9es Feeyz et Emteelak. En optant pour la formule Feeyz, le client r\u00e8gle une mensualit\u00e9 fixe et convenue. Il restitue le v\u00e9hicule au terme du contrat. En revanche, avec la formule Emteelak, il s\u2019acquitte d\u2019une mensualit\u00e9 fixe convenue dans son contrat de location. Il conserve le dernier v\u00e9hicule utilis\u00e9 au terme du contrat sans aucun paiement suppl\u00e9mentaire.<\/p>\n<p>A noter que pour les entreprises, l\u2019offre de Badeel se traduit aussi par un all\u00e8gement des co\u00fbts de gestion de la flotte et l\u2019avantage de s\u2019adapter en permanence \u00e0 ses besoins. Par ailleurs, la formule Feeyz permet d\u2019acc\u00e9der \u00e0 une gamme large et vari\u00e9e de v\u00e9hicules couvrant l\u2019essentiel des besoins des entreprises (voitures individuelles, v\u00e9hicules avec chauffeurs, camions frigorifiques, v\u00e9hicules de transport de personnel ou de transport scolaire et m\u00eame motos). Les entreprises disposent \u00e9galement d\u2019une plateforme web et mobile pour suivre en temps r\u00e9el l\u2019\u00e9volution de leur flotte\u00a0: kilom\u00e9trage, gestion du carburant, rendement des v\u00e9hicules, g\u00e9olocalisation, itin\u00e9raires, tableaux de bord\u2026<\/p>\n<div class=\"c17\">\n<fieldset class=\"c16\">\n<legend><strong><span class=\"c11\">Challenge<\/span><span class=\"c12\">news<\/span><\/strong><\/legend>\n<div class=\"c15\">Le meilleur de la r\u00e9daction s\u00e9lectionn\u00e9 par Challenge :<\/p>\n<\/div>\n<\/fieldset>\n<\/div>\n<p>Auteur: David J\u00e9r\u00e9mie<br \/>\n<a href=\"https:\/\/www.challenge.ma\/lld-badeel-mise-sur-linnovation-pour-doper-son-business-120360\/\">Cliquez ici pour lire l&rsquo;article depuis sa source.<\/a><\/p>\n","protected":false},"excerpt":{"rendered":"<p>Offrir les services d\u2019un loueur de longue dur\u00e9e sans les contraintes d\u2019engagement de temps et de kilom\u00e9trage, telle est la promesse sur laquelle s\u2019appuie Badeel pour \u00e9largir son panel clients. Concr\u00e8tement, cet op\u00e9rateur sp\u00e9cialis\u00e9 en mati\u00e8re de location longue dur\u00e9e (LLD) ambitionne de convertir le plus grand nombre d\u2019automobilistes marocains aux solutions d\u2019acc\u00e8s \u00e0 la [&hellip;]<\/p>\n","protected":false},"author":1787,"featured_media":0,"comment_status":"closed","ping_status":"closed","sticky":false,"template":"","format":"standard","meta":{"fifu_image_url":"","fifu_image_alt":"","footnotes":""},"categories":[78,54],"tags":[],"class_list":["post-64594","post","type-post","status-publish","format-standard","hentry","category-economie","category-maroc"],"_links":{"self":[{"href":"https:\/\/linitiative.ca\/International\/wp-json\/wp\/v2\/posts\/64594","targetHints":{"allow":["GET"]}}],"collection":[{"href":"https:\/\/linitiative.ca\/International\/wp-json\/wp\/v2\/posts"}],"about":[{"href":"https:\/\/linitiative.ca\/International\/wp-json\/wp\/v2\/types\/post"}],"author":[{"embeddable":true,"href":"https:\/\/linitiative.ca\/International\/wp-json\/wp\/v2\/users\/1787"}],"replies":[{"embeddable":true,"href":"https:\/\/linitiative.ca\/International\/wp-json\/wp\/v2\/comments?post=64594"}],"version-history":[{"count":0,"href":"https:\/\/linitiative.ca\/International\/wp-json\/wp\/v2\/posts\/64594\/revisions"}],"wp:attachment":[{"href":"https:\/\/linitiative.ca\/International\/wp-json\/wp\/v2\/media?parent=64594"}],"wp:term":[{"taxonomy":"category","embeddable":true,"href":"https:\/\/linitiative.ca\/International\/wp-json\/wp\/v2\/categories?post=64594"},{"taxonomy":"post_tag","embeddable":true,"href":"https:\/\/linitiative.ca\/International\/wp-json\/wp\/v2\/tags?post=64594"}],"curies":[{"name":"wp","href":"https:\/\/api.w.org\/{rel}","templated":true}]}}