{"id":64595,"date":"2019-10-16T10:03:50","date_gmt":"2019-10-16T14:03:50","guid":{"rendered":"https:\/\/linitiative.ca\/International\/france-quand-un-voile-dechaine-les-passions\/"},"modified":"2019-10-16T10:03:50","modified_gmt":"2019-10-16T14:03:50","slug":"france-quand-un-voile-dechaine-les-passions","status":"publish","type":"post","link":"https:\/\/linitiative.ca\/International\/france-quand-un-voile-dechaine-les-passions\/","title":{"rendered":"France : Quand un voile d\u00e9cha\u00eene les passions"},"content":{"rendered":"<p><strong>Dans un climat malsain, haineux, la question du voile est devenue l\u2019\u00e9picentre de la vie politique en France. Au nom de la la\u00efcit\u00e9, l\u2019Islam est stipendi\u00e9.<\/strong><\/p>\n<div class=\"c10\"\/>\n<p>Ce qui se passe en France est tr\u00e8s grave pour la civilisation humaine. Il y a quelques ann\u00e9es, le discours d\u2019Eric Zemmour lors de la convention des droites o\u00f9 il insulte l\u2019Islam, le d\u00e9clare \u00ab\u00a0incompatible avec la R\u00e9publique\u00a0\u00bb et r\u00e9clame qu\u2019on le combatte en tant \u00ab\u00a0qu\u2019id\u00e9ologie conqu\u00e9rante\u00a0\u00bb, tout en pr\u00e9cisant qu\u2019il parle de l\u2019Islam et non pas de l\u2019Islamisme, ce discours l\u2019aurait disqualifi\u00e9. Cette fois il lui vaut un contrat sur la cha\u00eene d\u2019information du groupe Canal.<\/p>\n<p>Dans le sillage de l\u2019attaque terroriste \u00e0 la pr\u00e9fecture, le Pr\u00e9sident fran\u00e7ais r\u00e9clame une soci\u00e9t\u00e9 de vigilance. Son ministre de l\u2019Int\u00e9rieur fixe les r\u00e8gles de la d\u00e9lation. Il faut signaler l\u2019apparition de signaux faibles, tels qu\u2019une barbe, le refus de faire la bise aux femmes, une pratique rigoriste de l\u2019Islam. Nous parlons du pays des droits de l\u2019Homme et on en est l\u00e0.<\/p>\n<p><strong>Le Pen vainqueur<\/strong><\/p>\n<p>Gramsci disait que pour gagner politiquement, il faut d\u2019abord s\u2019assurer l\u2019h\u00e9g\u00e9monie culturelle. Si c\u2019est vrai, alors Marine Le Pen et le Rassemblement national sont d\u00e9j\u00e0 au pouvoir. C\u2019est la course \u00e0 l\u2019\u00e9chalote pour r\u00e9cup\u00e9rer les voix de cette France fragilis\u00e9e par la mondialisation, inqui\u00e8te. Alors haro sur le Musulman, l\u2019\u00e9migr\u00e9. Des r\u00e9publicains de droite et de gauche, proposent l\u2019arr\u00eat du regroupement familial, l\u2019abolition du droit de sol, l\u2019expulsion des binationaux radicalis\u00e9s. Le ministre de l\u2019Education veut le signalement des petits \u00e9coliers qui refusent de tenir la main aux petites filles.<\/p>\n<p>La France a un pass\u00e9 et un passif avec la d\u00e9lation. Nul doute que les services concern\u00e9s seront submerg\u00e9s de signalements.<\/p>\n<p>Mais cela n\u2019est rien face au d\u00e9cha\u00eenement contre le voile. Ils veulent l\u2019interdire sur tout l\u2019espace public et ceux qui sont contre sont trait\u00e9s de na\u00effs, sinon de facho-islamistes. Seule une poign\u00e9e d\u2019intellectuels r\u00e9sistent \u00e0 cette avalanche de haine visant les Fran\u00e7ais d\u2019origine musulmane.<\/p>\n<p>Julien Odoul, un fasciste r\u00e9clame l\u2019exclusion d\u2019une m\u00e8re accompagnant son enfant lors d\u2019une sortie scolaire parce qu\u2019elle est voil\u00e9e. Il a touch\u00e9 le gros lot, il a fait quinze \u00e9missions en quatre jours et a eu le soutien larv\u00e9 de ministres qui pensent que le voile n\u2019est pas souhaitable.<\/p>\n<p>L\u2019incapacit\u00e9 de l\u2019Etat fran\u00e7ais \u00e0 casser les ghettos, \u00e0 offrir de meilleures conditions d\u2019int\u00e9gration a permis cette surench\u00e8re x\u00e9nophobe. La la\u00efcit\u00e9 est devenue une arme pour exclure cinq millions de personnes. C\u2019est le meilleur cadeau fait \u00e0 l\u2019Islam radical et au Rassemblement national.<\/p>\n<div class=\"c17\">\n<fieldset class=\"c16\">\n<legend><strong><span class=\"c11\">Challenge<\/span><span class=\"c12\">news<\/span><\/strong><\/legend>\n<div class=\"c15\">Le meilleur de la r\u00e9daction s\u00e9lectionn\u00e9 par Challenge :<\/p>\n<\/div>\n<\/fieldset>\n<\/div>\n<p>Auteur: Jamal Berraoui<br \/>\n<a href=\"https:\/\/www.challenge.ma\/france-quand-un-voile-dechaine-les-passions-120364\/\">Cliquez ici pour lire l&rsquo;article depuis sa source.<\/a><\/p>\n","protected":false},"excerpt":{"rendered":"<p>Dans un climat malsain, haineux, la question du voile est devenue l\u2019\u00e9picentre de la vie politique en France. Au nom de la la\u00efcit\u00e9, l\u2019Islam est stipendi\u00e9. Ce qui se passe en France est tr\u00e8s grave pour la civilisation humaine. Il y a quelques ann\u00e9es, le discours d\u2019Eric Zemmour lors de la convention des droites o\u00f9 [&hellip;]<\/p>\n","protected":false},"author":1787,"featured_media":0,"comment_status":"closed","ping_status":"closed","sticky":false,"template":"","format":"standard","meta":{"fifu_image_url":"","fifu_image_alt":"","footnotes":""},"categories":[78,54],"tags":[],"class_list":["post-64595","post","type-post","status-publish","format-standard","hentry","category-economie","category-maroc"],"_links":{"self":[{"href":"https:\/\/linitiative.ca\/International\/wp-json\/wp\/v2\/posts\/64595","targetHints":{"allow":["GET"]}}],"collection":[{"href":"https:\/\/linitiative.ca\/International\/wp-json\/wp\/v2\/posts"}],"about":[{"href":"https:\/\/linitiative.ca\/International\/wp-json\/wp\/v2\/types\/post"}],"author":[{"embeddable":true,"href":"https:\/\/linitiative.ca\/International\/wp-json\/wp\/v2\/users\/1787"}],"replies":[{"embeddable":true,"href":"https:\/\/linitiative.ca\/International\/wp-json\/wp\/v2\/comments?post=64595"}],"version-history":[{"count":0,"href":"https:\/\/linitiative.ca\/International\/wp-json\/wp\/v2\/posts\/64595\/revisions"}],"wp:attachment":[{"href":"https:\/\/linitiative.ca\/International\/wp-json\/wp\/v2\/media?parent=64595"}],"wp:term":[{"taxonomy":"category","embeddable":true,"href":"https:\/\/linitiative.ca\/International\/wp-json\/wp\/v2\/categories?post=64595"},{"taxonomy":"post_tag","embeddable":true,"href":"https:\/\/linitiative.ca\/International\/wp-json\/wp\/v2\/tags?post=64595"}],"curies":[{"name":"wp","href":"https:\/\/api.w.org\/{rel}","templated":true}]}}