{"id":64596,"date":"2019-10-16T11:18:40","date_gmt":"2019-10-16T15:18:40","guid":{"rendered":"https:\/\/linitiative.ca\/International\/salon-smart-entreprise-morocco-un-rendez-vous-a-ne-pas-rater\/"},"modified":"2019-10-16T11:18:40","modified_gmt":"2019-10-16T15:18:40","slug":"salon-smart-entreprise-morocco-un-rendez-vous-a-ne-pas-rater","status":"publish","type":"post","link":"https:\/\/linitiative.ca\/International\/salon-smart-entreprise-morocco-un-rendez-vous-a-ne-pas-rater\/","title":{"rendered":"Salon \u00ab\u00a0Smart entreprise Morocco\u00a0\u00bb : Un rendez-vous \u00e0 ne pas rater"},"content":{"rendered":"<p><strong>La premi\u00e8re \u00e9dition du salon \u00ab\u00a0Smart entreprise Morocco\u00a0\u00bb, d\u00e9di\u00e9 \u00e0 l\u2019entrepreneuriat et aux dirigeants d\u2019entreprises, se tiendra les 19 et 20 novembre prochain \u00e0 Casablanca, ont annonc\u00e9 les organisateurs.<\/strong><\/p>\n<div class=\"c10\"\/>\n<p>Organis\u00e9e en partenariat entre Harvard Consulting et l\u2019agence Y&#038;R, cette 1\u00e8re \u00e9dition sera plac\u00e9e sous le th\u00e8me de\u00a0 \u00ab\u00a0L\u2019Entrepreneuriat au Maroc, o\u00f9 en sommes-nous aujourd\u2019hui ? Opportunit\u00e9s et outils pour r\u00e9ussir\u00a0\u00bb, ont indiqu\u00e9 les organisateurs dans un communiqu\u00e9.<\/p>\n<p>L\u2019\u00e9v\u00e8nement se veut \u00eatre un v\u00e9ritable espace d\u2019\u00e9changes d\u2019exp\u00e9riences, de conseils, de networking qui permet aussi aux participants, porteurs de projets, les cr\u00e9ateurs de start-ups, les dirigeants d\u2019entreprises, les autorit\u00e9s publiques, les associations, les organismes financiers et les experts de s\u2019enqu\u00e9rir des nouvelles tendances en mati\u00e8re d\u2019id\u00e9es innovantes, notamment par le biais de la participation de plusieurs speakers internationaux ou r\u00e9sidant \u00e0 l\u2019international.<\/p>\n<p>\u00ab Les salons d\u00e9di\u00e9s \u00e0 l\u2019entrepreneuriat ont fait leur preuve partout dans le monde (France, Espagne, Canada\u2026) et sont devenus le rendez-vous incontournable pour tous les acteurs de l\u2019\u00e9cosyst\u00e8me entrepreneurial, \u00e0 savoir le secteur public, les associations priv\u00e9es, le monde acad\u00e9mique, les organismes internationaux d\u2019appui, le secteur financier, le conseil, les assurances \u00bb, souligne \u00a0le CEO de Harvard Consulting, Saad Hamoumi.<\/p>\n<p>La 1\u00e8re \u00e9dition de Smart Entreprise Morocco a pour but de faire un bilan de l\u2019entrepreneuriat au Maroc, de mettre en avant les opportunit\u00e9s et de donner tous les outils n\u00e9cessaires, et de traiter plusieurs th\u00e9matiques telles que l\u2019ad\u00e9quation emploi-formation, l\u2019E-administration, l\u2019entrepreneuriat social et solidaire, la transformation digitale\u2026<\/p>\n<p>Lors de cette \u00e9dition, plus de 100 experts seront mobilis\u00e9s pour conseiller, accompagner et r\u00e9pondre aux diff\u00e9rentes probl\u00e9matiques pos\u00e9es. Des th\u00e9matiques telles que le financement de l\u2019entrepreneuriat, la transformation digitale, l\u2019entrepreneuriat f\u00e9minin, les incubateurs, acc\u00e9l\u00e9rateurs et clusters d\u2019entreprises et entrepreneuriat &#038; innovation seront \u00e9galement trait\u00e9es par des sp\u00e9cialistes au cours de ce salon.<\/p>\n<p>Ces conf\u00e9rences seront \u00e9galement l\u2019occasion de donner la parole \u00e0 des mod\u00e8les de r\u00e9ussite marocains qui vont d\u00e9voiler les secrets de leur succ\u00e8s.<\/p>\n<p>Pour l\u2019inscription\u00a0: www.smartentreprise.com<\/p>\n<div class=\"c17\">\n<fieldset class=\"c16\">\n<legend><strong><span class=\"c11\">Challenge<\/span><span class=\"c12\">news<\/span><\/strong><\/legend>\n<div class=\"c15\">Le meilleur de la r\u00e9daction s\u00e9lectionn\u00e9 par Challenge :<\/p>\n<\/div>\n<\/fieldset>\n<\/div>\n<p>Auteur: Hajar DARI<br \/>\n<a href=\"https:\/\/www.challenge.ma\/salon-smart-entreprise-morocco-un-rendez-vous-a-ne-pas-rater-120387\/\">Cliquez ici pour lire l&rsquo;article depuis sa source.<\/a><\/p>\n","protected":false},"excerpt":{"rendered":"<p>La premi\u00e8re \u00e9dition du salon \u00ab\u00a0Smart entreprise Morocco\u00a0\u00bb, d\u00e9di\u00e9 \u00e0 l\u2019entrepreneuriat et aux dirigeants d\u2019entreprises, se tiendra les 19 et 20 novembre prochain \u00e0 Casablanca, ont annonc\u00e9 les organisateurs. Organis\u00e9e en partenariat entre Harvard Consulting et l\u2019agence Y&#038;R, cette 1\u00e8re \u00e9dition sera plac\u00e9e sous le th\u00e8me de\u00a0 \u00ab\u00a0L\u2019Entrepreneuriat au Maroc, o\u00f9 en sommes-nous aujourd\u2019hui ? [&hellip;]<\/p>\n","protected":false},"author":1787,"featured_media":0,"comment_status":"closed","ping_status":"closed","sticky":false,"template":"","format":"standard","meta":{"fifu_image_url":"","fifu_image_alt":"","footnotes":""},"categories":[78,54],"tags":[],"class_list":["post-64596","post","type-post","status-publish","format-standard","hentry","category-economie","category-maroc"],"_links":{"self":[{"href":"https:\/\/linitiative.ca\/International\/wp-json\/wp\/v2\/posts\/64596","targetHints":{"allow":["GET"]}}],"collection":[{"href":"https:\/\/linitiative.ca\/International\/wp-json\/wp\/v2\/posts"}],"about":[{"href":"https:\/\/linitiative.ca\/International\/wp-json\/wp\/v2\/types\/post"}],"author":[{"embeddable":true,"href":"https:\/\/linitiative.ca\/International\/wp-json\/wp\/v2\/users\/1787"}],"replies":[{"embeddable":true,"href":"https:\/\/linitiative.ca\/International\/wp-json\/wp\/v2\/comments?post=64596"}],"version-history":[{"count":0,"href":"https:\/\/linitiative.ca\/International\/wp-json\/wp\/v2\/posts\/64596\/revisions"}],"wp:attachment":[{"href":"https:\/\/linitiative.ca\/International\/wp-json\/wp\/v2\/media?parent=64596"}],"wp:term":[{"taxonomy":"category","embeddable":true,"href":"https:\/\/linitiative.ca\/International\/wp-json\/wp\/v2\/categories?post=64596"},{"taxonomy":"post_tag","embeddable":true,"href":"https:\/\/linitiative.ca\/International\/wp-json\/wp\/v2\/tags?post=64596"}],"curies":[{"name":"wp","href":"https:\/\/api.w.org\/{rel}","templated":true}]}}