{"id":64597,"date":"2019-10-16T12:41:05","date_gmt":"2019-10-16T16:41:05","guid":{"rendered":"https:\/\/linitiative.ca\/International\/hajar-raissouni-son-fiance-et-lequipe-medicale-gracies-par-le-roi\/"},"modified":"2019-10-16T12:41:05","modified_gmt":"2019-10-16T16:41:05","slug":"hajar-raissouni-son-fiance-et-lequipe-medicale-gracies-par-le-roi","status":"publish","type":"post","link":"https:\/\/linitiative.ca\/International\/hajar-raissouni-son-fiance-et-lequipe-medicale-gracies-par-le-roi\/","title":{"rendered":"Hajar Raissouni, son fianc\u00e9 et l\u2019\u00e9quipe m\u00e9dicale graci\u00e9s par le Roi"},"content":{"rendered":"<p><strong>La journaliste, son fianc\u00e9 et l\u2019\u00e9quipe m\u00e9dicale \u00e9taient poursuivis pour avortement ill\u00e9gal.<\/strong><\/p>\n<div class=\"c10\"\/>\n<p>Le roi Mohammed VI a accord\u00e9 sa gr\u00e2ce \u00e0 <strong>Hajar Raissouni<\/strong>, condamn\u00e9e \u00e0 une peine de prison et qui fait toujours l\u2019objet de poursuites judiciaires, indique le minist\u00e8re de la justice.<\/p>\n<p>Cette <strong>gr\u00e2ce royale<\/strong> s\u2019inscrit dans le cadre de la compassion et la cl\u00e9mence reconnues au souverain et du souci du roi Mohammed VI de pr\u00e9server l\u2019avenir des deux fianc\u00e9s qui comptaient fonder une famille conform\u00e9ment aux pr\u00e9ceptes religieux et \u00e0 la loi, malgr\u00e9 l\u2019erreur qu\u2019ils auraient commise et qui a conduit \u00e0 cette poursuite judiciaire, ajoute le minist\u00e8re.<\/p>\n<p>Le roi Mohammed VI a \u00e9galement accord\u00e9 sa gr\u00e2ce au fianc\u00e9 de Hajar Raissouni et \u00e0 l\u2019\u00e9quipe m\u00e9dicale poursuivie dans cette affaire.<\/p>\n<div class=\"c17\">\n<fieldset class=\"c16\">\n<legend><strong><span class=\"c11\">Challenge<\/span><span class=\"c12\">news<\/span><\/strong><\/legend>\n<div class=\"c15\">Le meilleur de la r\u00e9daction s\u00e9lectionn\u00e9 par Challenge :<\/p>\n<\/div>\n<\/fieldset>\n<\/div>\n<p>Auteur: challenge<br \/>\n<a href=\"https:\/\/www.challenge.ma\/grace-royale-pour-hajar-raissouni-120398\/\">Cliquez ici pour lire l&rsquo;article depuis sa source.<\/a><\/p>\n","protected":false},"excerpt":{"rendered":"<p>La journaliste, son fianc\u00e9 et l\u2019\u00e9quipe m\u00e9dicale \u00e9taient poursuivis pour avortement ill\u00e9gal. Le roi Mohammed VI a accord\u00e9 sa gr\u00e2ce \u00e0 Hajar Raissouni, condamn\u00e9e \u00e0 une peine de prison et qui fait toujours l\u2019objet de poursuites judiciaires, indique le minist\u00e8re de la justice. Cette gr\u00e2ce royale s\u2019inscrit dans le cadre de la compassion et la [&hellip;]<\/p>\n","protected":false},"author":1787,"featured_media":0,"comment_status":"closed","ping_status":"closed","sticky":false,"template":"","format":"standard","meta":{"fifu_image_url":"","fifu_image_alt":"","footnotes":""},"categories":[78,54],"tags":[],"class_list":["post-64597","post","type-post","status-publish","format-standard","hentry","category-economie","category-maroc"],"_links":{"self":[{"href":"https:\/\/linitiative.ca\/International\/wp-json\/wp\/v2\/posts\/64597","targetHints":{"allow":["GET"]}}],"collection":[{"href":"https:\/\/linitiative.ca\/International\/wp-json\/wp\/v2\/posts"}],"about":[{"href":"https:\/\/linitiative.ca\/International\/wp-json\/wp\/v2\/types\/post"}],"author":[{"embeddable":true,"href":"https:\/\/linitiative.ca\/International\/wp-json\/wp\/v2\/users\/1787"}],"replies":[{"embeddable":true,"href":"https:\/\/linitiative.ca\/International\/wp-json\/wp\/v2\/comments?post=64597"}],"version-history":[{"count":0,"href":"https:\/\/linitiative.ca\/International\/wp-json\/wp\/v2\/posts\/64597\/revisions"}],"wp:attachment":[{"href":"https:\/\/linitiative.ca\/International\/wp-json\/wp\/v2\/media?parent=64597"}],"wp:term":[{"taxonomy":"category","embeddable":true,"href":"https:\/\/linitiative.ca\/International\/wp-json\/wp\/v2\/categories?post=64597"},{"taxonomy":"post_tag","embeddable":true,"href":"https:\/\/linitiative.ca\/International\/wp-json\/wp\/v2\/tags?post=64597"}],"curies":[{"name":"wp","href":"https:\/\/api.w.org\/{rel}","templated":true}]}}