{"id":64598,"date":"2019-10-16T15:33:02","date_gmt":"2019-10-16T19:33:02","guid":{"rendered":"https:\/\/linitiative.ca\/International\/cgem-la-date-du-prochain-conseil-dadministration-connue\/"},"modified":"2019-10-16T15:33:02","modified_gmt":"2019-10-16T19:33:02","slug":"cgem-la-date-du-prochain-conseil-dadministration-connue","status":"publish","type":"post","link":"https:\/\/linitiative.ca\/International\/cgem-la-date-du-prochain-conseil-dadministration-connue\/","title":{"rendered":"CGEM : la date du prochain Conseil d\u2019administration connue"},"content":{"rendered":"<p><strong>Sans pr\u00e9sident depuis dimanche, la Conf\u00e9d\u00e9ration s\u2019organise lors de cette phase de transition.<\/strong><\/p>\n<div class=\"c10\"\/>\n<p>La CGEM a abrit\u00e9, ce mercredi 16 octobre 2019, une r\u00e9union d\u2019\u00e9changes et de concertation qui a connu la participation de 33 des 72 membres de droit de son <strong>Conseil d\u2019administration<\/strong>.<\/p>\n<p>Lors de cette r\u00e9union, les administrateurs pr\u00e9sents ont exprim\u00e9 leur volont\u00e9 d\u2019assurer la <strong>p\u00e9riode de transition<\/strong> dans un esprit d\u2019unit\u00e9, de responsabilit\u00e9 et de continuit\u00e9, dans l\u2019int\u00e9r\u00eat du secteur priv\u00e9, souligne la Conf\u00e9d\u00e9ration.<\/p>\n<p>Lire aussi : <a href=\"https:\/\/www.challenge.ma\/cgem-mezouar-a-depose-sa-demission-119947\/\" target=\"_blank\" rel=\"noreferrer noopener\" aria-label=\"CGEM : Mezouar annonce sa d\u00e9mission (s\u2019ouvre dans un nouvel onglet)\">CGEM : Mezouar annonce sa d\u00e9mission<\/a><\/p>\n<p>A l\u2019issue de cette r\u00e9union, les administrateurs pr\u00e9sents ont convenu de tenir le Conseil d\u2019administration le lundi 28 octobre 2019. Au menu, entre autres, l\u2019organisation des futures \u00e9lections, la gestion des affaires courantes et gouvernance, ainsi que les propositions de la CGEM concernant le projet de Loi de Finances 2020.<\/p>\n<div class=\"c17\">\n<fieldset class=\"c16\">\n<legend><strong><span class=\"c11\">Challenge<\/span><span class=\"c12\">news<\/span><\/strong><\/legend>\n<div class=\"c15\">Le meilleur de la r\u00e9daction s\u00e9lectionn\u00e9 par Challenge :<\/p>\n<\/div>\n<\/fieldset>\n<\/div>\n<p>Auteur: Karim Handaoui<br \/>\n<a href=\"https:\/\/www.challenge.ma\/cgem-la-date-du-prochain-conseil-dadministration-connue-120406\/\">Cliquez ici pour lire l&rsquo;article depuis sa source.<\/a><\/p>\n","protected":false},"excerpt":{"rendered":"<p>Sans pr\u00e9sident depuis dimanche, la Conf\u00e9d\u00e9ration s\u2019organise lors de cette phase de transition. La CGEM a abrit\u00e9, ce mercredi 16 octobre 2019, une r\u00e9union d\u2019\u00e9changes et de concertation qui a connu la participation de 33 des 72 membres de droit de son Conseil d\u2019administration. Lors de cette r\u00e9union, les administrateurs pr\u00e9sents ont exprim\u00e9 leur volont\u00e9 [&hellip;]<\/p>\n","protected":false},"author":1787,"featured_media":0,"comment_status":"closed","ping_status":"closed","sticky":false,"template":"","format":"standard","meta":{"fifu_image_url":"","fifu_image_alt":"","footnotes":""},"categories":[78,54],"tags":[],"class_list":["post-64598","post","type-post","status-publish","format-standard","hentry","category-economie","category-maroc"],"_links":{"self":[{"href":"https:\/\/linitiative.ca\/International\/wp-json\/wp\/v2\/posts\/64598","targetHints":{"allow":["GET"]}}],"collection":[{"href":"https:\/\/linitiative.ca\/International\/wp-json\/wp\/v2\/posts"}],"about":[{"href":"https:\/\/linitiative.ca\/International\/wp-json\/wp\/v2\/types\/post"}],"author":[{"embeddable":true,"href":"https:\/\/linitiative.ca\/International\/wp-json\/wp\/v2\/users\/1787"}],"replies":[{"embeddable":true,"href":"https:\/\/linitiative.ca\/International\/wp-json\/wp\/v2\/comments?post=64598"}],"version-history":[{"count":0,"href":"https:\/\/linitiative.ca\/International\/wp-json\/wp\/v2\/posts\/64598\/revisions"}],"wp:attachment":[{"href":"https:\/\/linitiative.ca\/International\/wp-json\/wp\/v2\/media?parent=64598"}],"wp:term":[{"taxonomy":"category","embeddable":true,"href":"https:\/\/linitiative.ca\/International\/wp-json\/wp\/v2\/categories?post=64598"},{"taxonomy":"post_tag","embeddable":true,"href":"https:\/\/linitiative.ca\/International\/wp-json\/wp\/v2\/tags?post=64598"}],"curies":[{"name":"wp","href":"https:\/\/api.w.org\/{rel}","templated":true}]}}