{"id":64599,"date":"2019-10-16T15:50:54","date_gmt":"2019-10-16T19:50:54","guid":{"rendered":"https:\/\/linitiative.ca\/International\/tunisie-kais-saied-declare-officiellement-president-de-la-republique-demain-jeudi\/"},"modified":"2019-10-16T15:50:54","modified_gmt":"2019-10-16T19:50:54","slug":"tunisie-kais-saied-declare-officiellement-president-de-la-republique-demain-jeudi","status":"publish","type":"post","link":"https:\/\/linitiative.ca\/International\/tunisie-kais-saied-declare-officiellement-president-de-la-republique-demain-jeudi\/","title":{"rendered":"Tunisie \u2013 Kais Sa\u00efed d\u00e9clar\u00e9 officiellement pr\u00e9sident de la R\u00e9publique demain jeudi"},"content":{"rendered":"<div class=\"post-cont-in left relative\">\n<div class=\"swp_social_panel swp_horizontal_panel swp_flat_fresh swp_default_full_color swp_individual_full_color swp_other_full_color scale-100 scale-\" data-min-width=\"1100\" data-float-color=\"#ffffff\" data-float=\"none\" data-float-mobile=\"none\" data-transition=\"slide\">\n<div class=\"nc_tweetContainer swp_share_button total_shares total_sharesalt\"><span class=\"swp_count\">42 <span class=\"swp_label\">Partages<\/span><\/span><\/div>\n<\/div>\n<p>Le membre de l\u2019ISIE, Anis Jabou\u00ef a annonc\u00e9, ce mercredi, \u00e0 la presse que l\u2018ISIE d\u00e9clarera jeudi, Ka\u00efs Sa\u00efed officiellement pr\u00e9sident de la R\u00e9publique, puisque son concurrent au second tour, Nabil Karoui n\u2019a pas pr\u00e9sent\u00e9 de recours.<\/p>\n<p>Cette d\u00e9claration sera\u00a0 faite par l\u2019ISIE demain matin, lors d\u2019une conf\u00e9rence de presse au si\u00e8ge de l\u2019instance.<\/p>\n<div class=\"code-block code-block-1 c3\"><ins class=\"adsbygoogle c2\" data-ad-layout=\"in-article\" data-ad-format=\"fluid\" data-ad-client=\"ca-pub-2102118777505746\" data-ad-slot=\"7301775417\"\/> <\/div>\n<p>Jarbou\u00ef a ajout\u00e9 que l\u2019instance a d\u00e9j\u00e0 pr\u00e9par\u00e9 le courrier \u00e0 l\u2019attention du pr\u00e9sident de l\u2019ARP, pour l\u2019informer des r\u00e9sultats officiels et d\u00e9finitifs des \u00e9lections.<\/p>\n<p>L\u2019ARP prendra le relais et devra fixer une date pour convoquer le nouveau pr\u00e9sident\u00a0\u00e0 la prestation du serment.<\/p>\n<p><strong>Que se passe-t-il en Tunisie?<\/strong><br \/>Nous expliquons sur notre <a href=\"https:\/\/www.youtube.com\/channel\/UCRzypVq0B_yBad5eGrwBx0Q?sub_confirmation=1\" target=\"_blank\" rel=\"noopener noreferrer\">cha\u00eene YouTube<\/a> . <a href=\"https:\/\/www.youtube.com\/channel\/UCRzypVq0B_yBad5eGrwBx0Q?sub_confirmation=1\" target=\"_blank\" rel=\"noopener noreferrer\">Abonnez-vous!<\/a><\/p>\n<div class=\"mvp-org-wrap mvp-org-logo\" itemprop=\"publisher\" itemscope=\"\" itemtype=\"https:\/\/schema.org\/Organization\"><img decoding=\"async\" src=\"https:\/\/www.tunisienumerique.com\/wp-content\/uploads\/2017\/02\/logo_tunisie_numerique.png\"\/><\/div>\n<div class=\"swp_social_panel swp_horizontal_panel swp_flat_fresh swp_default_full_color swp_individual_full_color swp_other_full_color scale-100 scale-\" data-min-width=\"1100\" data-float-color=\"#ffffff\" data-float=\"none\" data-float-mobile=\"none\" data-transition=\"slide\">\n<div class=\"nc_tweetContainer swp_share_button total_shares total_sharesalt\"><span class=\"swp_count\">42 <span class=\"swp_label\">Partages<\/span><\/span><\/div>\n<\/div>\n<div class=\"mvp-related-posts left relative\">\n<h4 class=\"post-header\"><span class=\"post-header\">Lire aussi<\/span><\/h4>\n<\/div>\n<\/div>\n<p>Auteur: LM<br \/>\n<a href=\"https:\/\/www.tunisienumerique.com\/tunisie-kais-saied-declare-officiellement-president-de-la-republique-demain-jeudi\/\">Cliquez ici pour lire l&rsquo;article depuis sa source.<\/a><\/p>\n","protected":false},"excerpt":{"rendered":"<p>42 Partages Le membre de l\u2019ISIE, Anis Jabou\u00ef a annonc\u00e9, ce mercredi, \u00e0 la presse que l\u2018ISIE d\u00e9clarera jeudi, Ka\u00efs Sa\u00efed officiellement pr\u00e9sident de la R\u00e9publique, puisque son concurrent au second tour, Nabil Karoui n\u2019a pas pr\u00e9sent\u00e9 de recours. Cette d\u00e9claration sera\u00a0 faite par l\u2019ISIE demain matin, lors d\u2019une conf\u00e9rence de presse au si\u00e8ge de [&hellip;]<\/p>\n","protected":false},"author":1789,"featured_media":64600,"comment_status":"closed","ping_status":"closed","sticky":false,"template":"","format":"standard","meta":{"fifu_image_url":"","fifu_image_alt":"","footnotes":""},"categories":[73,55],"tags":[],"class_list":["post-64599","post","type-post","status-publish","format-standard","has-post-thumbnail","hentry","category-actualite","category-tunisie"],"_links":{"self":[{"href":"https:\/\/linitiative.ca\/International\/wp-json\/wp\/v2\/posts\/64599","targetHints":{"allow":["GET"]}}],"collection":[{"href":"https:\/\/linitiative.ca\/International\/wp-json\/wp\/v2\/posts"}],"about":[{"href":"https:\/\/linitiative.ca\/International\/wp-json\/wp\/v2\/types\/post"}],"author":[{"embeddable":true,"href":"https:\/\/linitiative.ca\/International\/wp-json\/wp\/v2\/users\/1789"}],"replies":[{"embeddable":true,"href":"https:\/\/linitiative.ca\/International\/wp-json\/wp\/v2\/comments?post=64599"}],"version-history":[{"count":0,"href":"https:\/\/linitiative.ca\/International\/wp-json\/wp\/v2\/posts\/64599\/revisions"}],"wp:featuredmedia":[{"embeddable":true,"href":"https:\/\/linitiative.ca\/International\/wp-json\/"}],"wp:attachment":[{"href":"https:\/\/linitiative.ca\/International\/wp-json\/wp\/v2\/media?parent=64599"}],"wp:term":[{"taxonomy":"category","embeddable":true,"href":"https:\/\/linitiative.ca\/International\/wp-json\/wp\/v2\/categories?post=64599"},{"taxonomy":"post_tag","embeddable":true,"href":"https:\/\/linitiative.ca\/International\/wp-json\/wp\/v2\/tags?post=64599"}],"curies":[{"name":"wp","href":"https:\/\/api.w.org\/{rel}","templated":true}]}}