{"id":64609,"date":"2019-10-16T10:58:12","date_gmt":"2019-10-16T14:58:12","guid":{"rendered":"https:\/\/linitiative.ca\/International\/transport-aerien-le-nouvel-aeroport-de-pekin-inaugure\/"},"modified":"2019-10-16T10:58:12","modified_gmt":"2019-10-16T14:58:12","slug":"transport-aerien-le-nouvel-aeroport-de-pekin-inaugure","status":"publish","type":"post","link":"https:\/\/linitiative.ca\/International\/transport-aerien-le-nouvel-aeroport-de-pekin-inaugure\/","title":{"rendered":"Transport a\u00e9rien\u00a0: Le nouvel a\u00e9roport de P\u00e9kin inaugur\u00e9"},"content":{"rendered":"<div class=\"td-post-featured-image\"><a href=\"https:\/\/i1.wp.com\/www.sidwaya.info\/wp-content\/uploads\/2019\/10\/Aero-1.jpg?fit=900%2C674&#038;ssl=1\" data-caption=\"\"><img loading=\"lazy\" decoding=\"async\" width=\"696\" height=\"521\" class=\"entry-thumb td-modal-image\" src=\"https:\/\/i1.wp.com\/www.sidwaya.info\/wp-content\/uploads\/2019\/10\/Aero-1.jpg?resize=696%2C521&#038;ssl=1\" srcset=\"https:\/\/i1.wp.com\/www.sidwaya.info\/wp-content\/uploads\/2019\/10\/Aero-1.jpg?w=900&#038;ssl=1 900w, https:\/\/i1.wp.com\/www.sidwaya.info\/wp-content\/uploads\/2019\/10\/Aero-1.jpg?resize=300%2C225&#038;ssl=1 300w, https:\/\/i1.wp.com\/www.sidwaya.info\/wp-content\/uploads\/2019\/10\/Aero-1.jpg?resize=768%2C575&#038;ssl=1 768w, https:\/\/i1.wp.com\/www.sidwaya.info\/wp-content\/uploads\/2019\/10\/Aero-1.jpg?resize=80%2C60&#038;ssl=1 80w, https:\/\/i1.wp.com\/www.sidwaya.info\/wp-content\/uploads\/2019\/10\/Aero-1.jpg?resize=265%2C198&#038;ssl=1 265w, https:\/\/i1.wp.com\/www.sidwaya.info\/wp-content\/uploads\/2019\/10\/Aero-1.jpg?resize=696%2C521&#038;ssl=1 696w, https:\/\/i1.wp.com\/www.sidwaya.info\/wp-content\/uploads\/2019\/10\/Aero-1.jpg?resize=561%2C420&#038;ssl=1 561w\" sizes=\"auto, (max-width: 696px) 100vw, 696px\" alt=\"\" title=\"Aero\"\/><\/a><\/div>\n<div class=\"td-a-rec td-a-rec-id-content_top td_uid_30_5da78f453b2fe_rand td_block_template_1\"><img loading=\"lazy\" decoding=\"async\" class=\"aligncenter size-full wp-image-15084\" src=\"https:\/\/www.sidwaya.info\/wp-content\/uploads\/2019\/10\/Bannie%CC%80re.png\" alt=\"\" width=\"720\" height=\"90\"\/><\/div>\n<p><strong>Dans le cadre des activit\u00e9s marquant le 70<sup>e<\/sup> anniversaire de la fondation de la R\u00e9publique populaire de Chine, le pr\u00e9sident Xi Jinping a inaugur\u00e9 le nouvel a\u00e9roport de P\u00e9kin, le 25 septembre 2019.<\/strong><\/p>\n<p>Apr\u00e8s cinq ans de travaux gigantesques achev\u00e9s en fin juin dernier, l\u2019a\u00e9roport international Daxing de P\u00e9kin est fonctionnel. Le pr\u00e9sident Xi Jinping a inaugur\u00e9 l\u2019infrastructure le 25 septembre 2019. Situ\u00e9 \u00e0 46 Km du centre-ville de la capitale, ce nouvel a\u00e9roport a co\u00fbt\u00e9 15 milliards de dollars \u00e0 l\u2019Etat chinois et couvre une superficie de 700 mille m2. Comprenant un immense terminal unique en forme d\u2019\u00e9toile \u00e0 six branches, l\u2019a\u00e9roport international Daxing est l\u2019expression du <em>\u00ab\u00a0r\u00eave chinois\u00a0<\/em>\u00bb de nation prosp\u00e8re. Il a \u00e9t\u00e9 construit pour d\u00e9sengorger l\u2019a\u00e9roport international P\u00e9kin surcharg\u00e9 situ\u00e9 dans le Nord-est de la capitale. Une ligne de TGV nouvellement construite le relie au centre de P\u00e9kin en 20 minutes. Selon le directeur du commandement du projet de l\u2019A\u00e9roport international Daxing de Beijing, Bai Henghong, il s\u2019agit de la plus grande plaque tournante de transports int\u00e9gr\u00e9s au monde. Le terminal de l\u2019a\u00e9roport, qui est \u00e9galement le plus grand du monde avec une structure sans soudure en acier, comprend des plates-formes de d\u00e9part et d\u2019arriv\u00e9e \u00e0 deux \u00e9tages. \u00a0Aux dires du manager du centre des op\u00e9rations, Zhuo Yu, l\u2019a\u00e9roport, sera dans les prochaines ann\u00e9es, une plaque tournante du trafic a\u00e9rien pour les voyages internationaux \u00e0 destination et en provenance de la Chine. Il a indiqu\u00e9 que le nombre de passagers va atteindre 72 millions de passagers d\u2019ici \u00e0 2025 et 100 millions d\u2019ici 2040. Ce qui va le propulser \u00e0 terme au rang de plus grande plate-forme de trafic a\u00e9rien au monde.\u00a0 Lorsqu\u2019il fonctionnera \u00e0 plein r\u00e9gime, les frets, aux dires manager du centre des op\u00e9rations de l\u2019a\u00e9roport, vont se chiffrer \u00e0 deux millions de tonnes avec un total de 620 000 d\u00e9collages et atterrissages par an. Les vols \u00e0 l\u2019int\u00e9rieur du territoire chinois ont d\u00e9but\u00e9 le 26 septembre. Les vols internationaux vont s\u2019op\u00e9rer \u00e0 partir du 27 octobre prochain. D\u2019ici 2040, l\u2019a\u00e9roport de Daxing disposera de huit pistes, dont une \u00e0 usage militaire.<\/p>\n<p><strong>Karim BADOLO<\/strong><\/p>\n<p><strong>(Depuis P\u00e9kin en Chine)<\/strong><\/p>\n<div class=\"td-a-rec td-a-rec-id-content_bottom td_uid_31_5da78f453b4b0_rand td_block_template_1\"><img loading=\"lazy\" decoding=\"async\" class=\"aligncenter size-full wp-image-9623\" src=\"https:\/\/www.sidwaya.info\/wp-content\/uploads\/2019\/06\/Projet-bannie%CC%80re-Orange-mobile.jpg\" alt=\"\" width=\"728\" height=\"81\"\/><\/div>\n<p>Auteur: Wamini SIDWAYA<br \/>\n<a href=\"https:\/\/www.sidwaya.info\/blog\/2019\/10\/16\/transport-aerien-le-nouvel-aeroport-de-pekin-inaugure\/\">Cliquez ici pour lire l&rsquo;article depuis sa source.<\/a><\/p>\n","protected":false},"excerpt":{"rendered":"<p>Dans le cadre des activit\u00e9s marquant le 70e anniversaire de la fondation de la R\u00e9publique populaire de Chine, le pr\u00e9sident Xi Jinping a inaugur\u00e9 le nouvel a\u00e9roport de P\u00e9kin, le 25 septembre 2019. Apr\u00e8s cinq ans de travaux gigantesques achev\u00e9s en fin juin dernier, l\u2019a\u00e9roport international Daxing de P\u00e9kin est fonctionnel. Le pr\u00e9sident Xi Jinping [&hellip;]<\/p>\n","protected":false},"author":1816,"featured_media":0,"comment_status":"closed","ping_status":"closed","sticky":false,"template":"","format":"standard","meta":{"fifu_image_url":"","fifu_image_alt":"","footnotes":""},"categories":[73,81],"tags":[],"class_list":["post-64609","post","type-post","status-publish","format-standard","hentry","category-actualite","category-burkina-faso"],"_links":{"self":[{"href":"https:\/\/linitiative.ca\/International\/wp-json\/wp\/v2\/posts\/64609","targetHints":{"allow":["GET"]}}],"collection":[{"href":"https:\/\/linitiative.ca\/International\/wp-json\/wp\/v2\/posts"}],"about":[{"href":"https:\/\/linitiative.ca\/International\/wp-json\/wp\/v2\/types\/post"}],"author":[{"embeddable":true,"href":"https:\/\/linitiative.ca\/International\/wp-json\/wp\/v2\/users\/1816"}],"replies":[{"embeddable":true,"href":"https:\/\/linitiative.ca\/International\/wp-json\/wp\/v2\/comments?post=64609"}],"version-history":[{"count":0,"href":"https:\/\/linitiative.ca\/International\/wp-json\/wp\/v2\/posts\/64609\/revisions"}],"wp:attachment":[{"href":"https:\/\/linitiative.ca\/International\/wp-json\/wp\/v2\/media?parent=64609"}],"wp:term":[{"taxonomy":"category","embeddable":true,"href":"https:\/\/linitiative.ca\/International\/wp-json\/wp\/v2\/categories?post=64609"},{"taxonomy":"post_tag","embeddable":true,"href":"https:\/\/linitiative.ca\/International\/wp-json\/wp\/v2\/tags?post=64609"}],"curies":[{"name":"wp","href":"https:\/\/api.w.org\/{rel}","templated":true}]}}