{"id":64610,"date":"2019-10-16T16:18:03","date_gmt":"2019-10-16T20:18:03","guid":{"rendered":"https:\/\/linitiative.ca\/International\/mcc-un-centre-de-formation-des-professionnels-du-btp-bientot-construit-en-cote-divoire\/"},"modified":"2019-10-16T16:18:03","modified_gmt":"2019-10-16T20:18:03","slug":"mcc-un-centre-de-formation-des-professionnels-du-btp-bientot-construit-en-cote-divoire","status":"publish","type":"post","link":"https:\/\/linitiative.ca\/International\/mcc-un-centre-de-formation-des-professionnels-du-btp-bientot-construit-en-cote-divoire\/","title":{"rendered":"MCC: un Centre de formation des professionnels du BTP bient\u00f4t construit en C\u00f4te d\u2019Ivoire"},"content":{"rendered":"<div readability=\"32\">\n<p>Publi\u00e9 le 16.10.2019 \u00e0 21h18 par APA News<\/p>\n<\/div>\n<div readability=\"132\">\n<p>Un Centre de formation des professionnels du BTP de 15 ha, en \u00e9tude, et promu par le Groupement ivoirien du B\u00e2timent et des travaux publics (GIBTP), devrait \u00eatre bient\u00f4t b\u00e2ti sur l\u2019axe Dabou-Sikensi (Sud) sur financement du Millennium challenge corporation (MCC).Ce projet, soutenu par le Millennium challenge corporation (MCC)\/Millennium challenge account (MCA), vise \u00e0 \u00abd\u00e9cupler les capacit\u00e9s\u00bb des professionnels du secteur du BTP \u00ab pour aller vite et bien\u00bb, a dit M. Philippe Eponon, le pr\u00e9sident du GIBTP, lors d\u2019une r\u00e9union mercredi \u00e0 Abidjan avec les acteurs du secteur.<\/p>\n<p>Le GIBTP a entrepris des d\u00e9marches, de mani\u00e8re anticip\u00e9e, pour identifier un site pouvant accueillir ce centre de formation, ce qui l\u2019a conduit \u00e0 la mairie de Dabou, o\u00f9 les autorit\u00e9s municipales ont octroy\u00e9 \u00ab \u00e0 titre provisoire un terrain de 15 hectares \u00e0 la sortie de la vile, sur l\u2019axe Dabou-Sikensi \u00bb.<\/p>\n<p>\u00abLe moment est venu pour l\u2019ensemble des op\u00e9rateurs de notre secteur d\u2019activit\u00e9 de nous constituer en consortium pour b\u00e2tir une proposition de gouvernance du centre de formation \u00e0 soumettre au MCC\/MCA \u00bb, a lanc\u00e9 M. Eponon \u00e0 l\u2019endroit des acteurs du secteur.\u00a0<\/p>\n<p>Cette proposition de gouvernance, coupl\u00e9e aux r\u00e9sultats de l\u2019\u00e9tude d\u2019opportunit\u00e9 du centre, devrait permettre l\u2019\u00e9valuation de la rentabilit\u00e9 du projet, condition sine qua non pour sa concr\u00e9tisation effective, a fait savoir M. Eponon en pr\u00e9sence du Repr\u00e9sentant du MCC en C\u00f4te d\u2019Ivoire M. Mahmoud Bah et Raoul Kon\u00e9, Directeur de cabinet adjoint du minist\u00e8re de l\u2019\u00e9ducation nationale, de l\u2019enseignement technique et de la formation professionnelle.<\/p>\n<p>En 2016, les repr\u00e9sentants du MCC ont inform\u00e9 le GIBTP du lancement d\u2019un appel \u00e0 id\u00e9es pour la cr\u00e9ation et la gestion d\u2019un Centre de formation professionnelle sectoriel, dans l\u2019optique de relever et de conforter le niveau de comp\u00e9tences des ressources humaines des entreprises locales.<\/p>\n<p>Le groupement des professionnels du BTP qui a r\u00e9pondu, d\u00e9but 2017, \u00e0 cet appel \u00e0 id\u00e9es, a propos\u00e9 une offre de cr\u00e9ation d\u2019un Centre de formation professionnelle d\u00e9di\u00e9 aux m\u00e9tiers des travaux publics. Il a \u00e9t\u00e9 ainsi choisi par le MCC en tant que chef de file du consortium devant conduire le projet.\u00a0<\/p>\n<p>Dans l\u2019\u00e9lan de ce projet, un Cabinet a \u00e9t\u00e9 recrut\u00e9 par le GIBTP avec l\u2019appui du Fonds pour le d\u00e9veloppement de la formation professionnelle (FDFP, structure publique) pour conduire l\u2019\u00e9tude d\u2019opportunit\u00e9 de cr\u00e9ation de ce centre, une \u00e9tude \u00e9tant toujours \u00ab en cours \u00bb.<\/p>\n<p>Le partenaire de ce projet, le MCC, a d\u2019ailleurs \u00e9chang\u00e9 avec les repr\u00e9sentants du GIBTP au mois de mai 2019, ce qui a permis de \u00ab valider le rapport d\u2019\u00e9tape \u00bb, a soulign\u00e9 M. Eponon, qui esp\u00e8re \u00abobtenir les r\u00e9sultats pour la fin de cette ann\u00e9e (2019) au plus tard \u00bb.<\/p>\n<p>\u00ab Il s\u2019agit d\u2019une des activit\u00e9s du volet comp\u00e9tence pour l\u2019employabilit\u00e9 et la productivit\u00e9 du programme Compact C\u00f4te d\u2019Ivoire qui va donc \u00eatre ex\u00e9cut\u00e9 pendant ces cinq ans. Il y a un volet qui consiste \u00e0 construite des coll\u00e8ges de proximit\u00e9 dans les r\u00e9gions de Gb\u00eak\u00ea et de San-P\u00e9dro \u00bb \u00a0a expliqu\u00e9 dans un entretien \u00e0 APA, Florence Rajan, Directrice g\u00e9n\u00e9rale \u00a0du Millennium challenge account (MCA) C\u00f4te d\u2019Ivoire.<\/p>\n<p>Et l\u00e0, a-t-elle poursuivi, \u00ab il s\u2019agit de l\u2019autre volet qui lui porte sur la cr\u00e9ation de centres de formation technique et professionnelle pour r\u00e9pondre au mieux \u00a0aux attentes du secteur priv\u00e9 avec cette id\u00e9e de soutenir \u00e0 terme la cr\u00e9ation d\u2019emplois puisque le compact vise en toute chose \u00e0 r\u00e9duire la pauvret\u00e9 \u00bb.\u00a0<\/p>\n<p>\u00ab En ce qui concerne le Compact, il s\u2019agit d\u2019un don d\u2019un montant total de 525 millions de dollars pour les projets transport et comp\u00e9tence pour l\u2019employabilit\u00e9 et la productivit\u00e9. La partie centre technique et formation professionnelle portera sur un montant de 35 millions de dollars \u00bb a conclu Mme Rajan.<\/p>\n<p>Le directeur g\u00e9n\u00e9ral de l\u2019agence gouvernementale am\u00e9ricaine Millennium challenge corporation (MCC), Sean Cairncross et le chef de l\u2019Etat ivoirien Alassane Ouattara, ont proc\u00e9d\u00e9 le 5 ao\u00fbt 2019 \u00e0 Abidjan au lancement officiel du Programme Compact conclu entre le MCC et la C\u00f4te d\u2019Ivoire.<\/p>\n<p>Ce programme Compact d\u2019un montant de 525 millions de dollars (plus de 307 milliards Fcfa) offert par le MCC \u00e0 la C\u00f4te d\u2019Ivoire, vise \u00e0 \u00ab soutenir la croissance et encourager les investissements priv\u00e9s en renfor\u00e7ant les capacit\u00e9s de la main d\u2019\u0153uvre, en r\u00e9duisant les co\u00fbts de transport et en ouvrant de nouveaux march\u00e9s \u00bb.<\/p>\n<\/div>\n<p>Auteur: APA News<br \/>\n<a href=\"https:\/\/www.journalducameroun.com\/mcc-un-centre-de-formation-des-professionnels-du-btp-bientot-construit-en-cote-divoire\/\">Cliquez ici pour lire l&rsquo;article depuis sa source.<\/a><\/p>\n","protected":false},"excerpt":{"rendered":"<p>Publi\u00e9 le 16.10.2019 \u00e0 21h18 par APA News Un Centre de formation des professionnels du BTP de 15 ha, en \u00e9tude, et promu par le Groupement ivoirien du B\u00e2timent et des travaux publics (GIBTP), devrait \u00eatre bient\u00f4t b\u00e2ti sur l\u2019axe Dabou-Sikensi (Sud) sur financement du Millennium challenge corporation (MCC).Ce projet, soutenu par le Millennium challenge [&hellip;]<\/p>\n","protected":false},"author":1965,"featured_media":0,"comment_status":"closed","ping_status":"closed","sticky":false,"template":"","format":"standard","meta":{"fifu_image_url":"","fifu_image_alt":"","footnotes":""},"categories":[73,82],"tags":[],"class_list":["post-64610","post","type-post","status-publish","format-standard","hentry","category-actualite","category-cameroun"],"_links":{"self":[{"href":"https:\/\/linitiative.ca\/International\/wp-json\/wp\/v2\/posts\/64610","targetHints":{"allow":["GET"]}}],"collection":[{"href":"https:\/\/linitiative.ca\/International\/wp-json\/wp\/v2\/posts"}],"about":[{"href":"https:\/\/linitiative.ca\/International\/wp-json\/wp\/v2\/types\/post"}],"author":[{"embeddable":true,"href":"https:\/\/linitiative.ca\/International\/wp-json\/wp\/v2\/users\/1965"}],"replies":[{"embeddable":true,"href":"https:\/\/linitiative.ca\/International\/wp-json\/wp\/v2\/comments?post=64610"}],"version-history":[{"count":0,"href":"https:\/\/linitiative.ca\/International\/wp-json\/wp\/v2\/posts\/64610\/revisions"}],"wp:attachment":[{"href":"https:\/\/linitiative.ca\/International\/wp-json\/wp\/v2\/media?parent=64610"}],"wp:term":[{"taxonomy":"category","embeddable":true,"href":"https:\/\/linitiative.ca\/International\/wp-json\/wp\/v2\/categories?post=64610"},{"taxonomy":"post_tag","embeddable":true,"href":"https:\/\/linitiative.ca\/International\/wp-json\/wp\/v2\/tags?post=64610"}],"curies":[{"name":"wp","href":"https:\/\/api.w.org\/{rel}","templated":true}]}}