{"id":64616,"date":"2019-10-16T12:51:24","date_gmt":"2019-10-16T16:51:24","guid":{"rendered":"https:\/\/linitiative.ca\/International\/edc-a-paye-102-milliard-de-fcfa-dindemnisations-pour-le-projet-preretd\/"},"modified":"2019-10-16T12:51:24","modified_gmt":"2019-10-16T16:51:24","slug":"edc-a-paye-102-milliard-de-fcfa-dindemnisations-pour-le-projet-preretd","status":"publish","type":"post","link":"https:\/\/linitiative.ca\/International\/edc-a-paye-102-milliard-de-fcfa-dindemnisations-pour-le-projet-preretd\/","title":{"rendered":"EDC a pay\u00e9 1,02 milliard de FCFA d\u2019indemnisations pour le projet PRERETD"},"content":{"rendered":"<p>Dans le cadre de la mise en \u0153uvre du Projet de renforcement et d\u2019extension des r\u00e9seaux \u00e9lectriques de transport et de distribution (<strong>PRERETD<\/strong>) pilot\u00e9 par\u00a0 Electricity Development Corporation (<strong>EDC<\/strong>),\u00a0<strong>2 831<\/strong>\u00a0personnes sur\u00a0<strong>4 904<\/strong> ont d\u00e9j\u00e0 \u00e9t\u00e9 indemnis\u00e9es pour lib\u00e9rer les emprises. Que ce soit sur la ligne haute tension Ebolowa-Mbalmayo ou sur les r\u00e9seaux moyenne tension\/basse tension. Le rapport d\u2019activit\u00e9s du\u00a0<strong>PRERETD<\/strong>\u00a0au 31 ao\u00fbt dernier indique que, sur un montant global de\u00a0<strong>1,334 milliard de FCFA<\/strong>\u00a0\u00e0 payer, une somme de\u00a0<strong>1,02 milliard de<\/strong>\u00a0<strong>FCFA<\/strong>\u00a0a \u00e9t\u00e9 vers\u00e9e pour d\u00e9sint\u00e9resser les populations d\u00e9guerpies, rapporte Cameroon Business Today (<strong>CBT<\/strong>).<\/p>\n<p>En tout, <strong>2 076<\/strong>\u00a0personnes restent \u00e0 indemniser, pour un montant de plus\u00a0<strong>de 313,3 millions de FCFA<\/strong>. Sur 32 d\u00e9crets d\u2019indemnisation attendus, 25 sont disponibles, et sept en attente de signature. Malgr\u00e9 les difficult\u00e9s que le projet a connues pour la lib\u00e9ration des emprises, le coordonnateur du\u00a0PRERETD,\u00a0<strong>Martin Otele<\/strong>, pr\u00e9cise qu\u2019EDC a pris des mesures pour am\u00e9liorer le niveau d\u2019avancement des op\u00e9rations sur le terrain.<\/p>\n<p>Il avance entre autres la mise en place d\u2019un guichet unique au niveau du minist\u00e8re des Domaines, du cadastre et des affaires fonci\u00e8res (<strong>MINDCAF<\/strong>) pour traiter en toute diligence les dossiers transmis par les commissions de constat et d\u2019\u00e9valuation des biens mis en cause\u00a0; la mise en place, le suivi de la sortie des d\u00e9crets d\u2019indemnisation et l\u2019identification d\u2019\u00e9ventuels goulots d\u2019\u00e9tranglement\u00a0; la mise en place d\u2019une plateforme EDC-Caisse autonome\u00a0\u00a0d\u2019amortissement (<strong>CAA<\/strong>) pour permettre le traitement diligent des demandes de ch\u00e9quiers\u00a0; l\u2019\u00e9tablissement des ch\u00e8ques des populations \u00e0 indemniser et la mise \u00e0 disposition des fonds pour les paiements en esp\u00e8ces\u00a0; le fonctionnement des commissions de paiement\u00a0; et enfin le suivi au niveau des services du Premier ministre des projets de d\u00e9crets d\u2019indemnisation transmis par le MINDCAF.<\/p>\n<p>Le\u00a0<strong>PRERETD<\/strong>\u00a0a pour objectif de contribuer \u00e0 l\u2019augmentation du taux d\u2019\u00e9lectrification du Cameroun, \u00e0 travers la couverture progressive de la demande non desservie du pays par le raccordement de nouveaux abonn\u00e9s. Financ\u00e9 \u00e0 hauteur de\u00a0<strong>41,5 milliards<\/strong>\u00a0de <strong>FCFA<\/strong>\u00a0par les bailleurs de fonds tel que la Banque africaine de d\u00e9veloppement (<strong>BAD<\/strong>), la Japan international cooperation agency (<strong>JICA<\/strong>) et l\u2019Etat du Cameroun, il\u00a0\u00a0couvre huit des dix r\u00e9gions du Cameroun.<\/p>\n<div class=\"about-author about-author-box container-wrapper\">\n<div class=\"author-avatar\">\n<p><img decoding=\"async\" src=\"http:\/\/\" alt=\"\"\/><\/p>\n<\/div>\n<p><h4>La R\u00e9daction EcoMatin<\/h4>\n<\/p>\n<\/div>\n<div class=\"awac-wrapper awac widget blog_subscription-2\">\n<h4 class=\"widget-title\">Abonnez-vous \u00e0 notre lettre d&rsquo;information<\/h4>\n<\/div>\n<p>Auteur: EcoMatin<br \/>\n<a href=\"https:\/\/ecomatin.net\/edc-a-paye-102-milliard-de-fcfa-dindemnisations-pour-le-projet-preretd\/\">Cliquez ici pour lire l&rsquo;article depuis sa source.<\/a><\/p>\n","protected":false},"excerpt":{"rendered":"<p>Dans le cadre de la mise en \u0153uvre du Projet de renforcement et d\u2019extension des r\u00e9seaux \u00e9lectriques de transport et de distribution (PRERETD) pilot\u00e9 par\u00a0 Electricity Development Corporation (EDC),\u00a02 831\u00a0personnes sur\u00a04 904 ont d\u00e9j\u00e0 \u00e9t\u00e9 indemnis\u00e9es pour lib\u00e9rer les emprises. Que ce soit sur la ligne haute tension Ebolowa-Mbalmayo ou sur les r\u00e9seaux moyenne tension\/basse [&hellip;]<\/p>\n","protected":false},"author":1969,"featured_media":0,"comment_status":"closed","ping_status":"closed","sticky":false,"template":"","format":"standard","meta":{"fifu_image_url":"","fifu_image_alt":"","footnotes":""},"categories":[82,78],"tags":[],"class_list":["post-64616","post","type-post","status-publish","format-standard","hentry","category-cameroun","category-economie"],"_links":{"self":[{"href":"https:\/\/linitiative.ca\/International\/wp-json\/wp\/v2\/posts\/64616","targetHints":{"allow":["GET"]}}],"collection":[{"href":"https:\/\/linitiative.ca\/International\/wp-json\/wp\/v2\/posts"}],"about":[{"href":"https:\/\/linitiative.ca\/International\/wp-json\/wp\/v2\/types\/post"}],"author":[{"embeddable":true,"href":"https:\/\/linitiative.ca\/International\/wp-json\/wp\/v2\/users\/1969"}],"replies":[{"embeddable":true,"href":"https:\/\/linitiative.ca\/International\/wp-json\/wp\/v2\/comments?post=64616"}],"version-history":[{"count":0,"href":"https:\/\/linitiative.ca\/International\/wp-json\/wp\/v2\/posts\/64616\/revisions"}],"wp:attachment":[{"href":"https:\/\/linitiative.ca\/International\/wp-json\/wp\/v2\/media?parent=64616"}],"wp:term":[{"taxonomy":"category","embeddable":true,"href":"https:\/\/linitiative.ca\/International\/wp-json\/wp\/v2\/categories?post=64616"},{"taxonomy":"post_tag","embeddable":true,"href":"https:\/\/linitiative.ca\/International\/wp-json\/wp\/v2\/tags?post=64616"}],"curies":[{"name":"wp","href":"https:\/\/api.w.org\/{rel}","templated":true}]}}