{"id":64617,"date":"2019-10-16T13:05:19","date_gmt":"2019-10-16T17:05:19","guid":{"rendered":"https:\/\/linitiative.ca\/International\/letat-cede-5-000-ha-aux-turcs-dans-ladamaoua-pour-booster-la-production-de-mais\/"},"modified":"2019-10-16T13:05:19","modified_gmt":"2019-10-16T17:05:19","slug":"letat-cede-5-000-ha-aux-turcs-dans-ladamaoua-pour-booster-la-production-de-mais","status":"publish","type":"post","link":"https:\/\/linitiative.ca\/International\/letat-cede-5-000-ha-aux-turcs-dans-ladamaoua-pour-booster-la-production-de-mais\/","title":{"rendered":"L\u2019Etat c\u00e8de 5 000 ha aux Turcs dans l\u2019Adamaoua pour booster la production de ma\u00efs"},"content":{"rendered":"<p>Selon la presse locale camerounaise, le ministre de l\u2019Agriculture et du d\u00e9veloppement rural (<strong>MINADER<\/strong>) entend acc\u00e9l\u00e9rer le processus de d\u00e9veloppement de la production industrielle de ma\u00efs au Cameroun. Le 27 septembre 2019, apprend-on, <strong>Gabriel Mbairobe<\/strong> a adress\u00e9 une correspondance au d\u00e9l\u00e9gu\u00e9 r\u00e9gional de son d\u00e9partement minist\u00e9riel pour l\u2019Adamaoua, afin que des mesures urgentes soient prises pour identifier <strong>5 000 hectares<\/strong> de terres cultivables et les mettre \u00e0 la disposition de l\u2019entreprise turque\u00a0 <strong>Paksan Tekstil Sanayii<\/strong>.<\/p>\n<p>Il \u00e9tait \u00e9galement demand\u00e9 au d\u00e9l\u00e9gu\u00e9 r\u00e9gional d\u2019organiser une descente sur le site afin de proc\u00e9der \u00e0 l\u2019identification physique, la d\u00e9limitation et la s\u00e9curisation de l\u2019espace retenu. Ces instructions sont urgentes dans la mesure o\u00f9, selon le ministre de l\u2019Agriculture, l\u2019entreprise dont <strong>Ibrahim Halil Gunay<\/strong> est le directeur g\u00e9n\u00e9ral doit occuper effectivement et r\u00e9aliser d\u00e8s l\u2019ann\u00e9e 2020 une mise en valeur du site et la production industrielle de ma\u00efs sur au moins <strong>500 hectares<\/strong>.<\/p>\n<p>Cette d\u00e9cision du <strong>MINADER<\/strong>, il faut le souligner, est l\u2019ex\u00e9cution d\u2019une instruction donn\u00e9e par le Premier ministre, <strong>Joseph Dion Ngute<\/strong>, au cours d\u2019un conseil de cabinet en d\u00e9but d\u2019ann\u00e9e. Il est question de donner des possibilit\u00e9s aux acteurs du secteur priv\u00e9, nationaux et internationaux, afin qu\u2019ils puissent investir sur des terres disponibles dans le pays.<\/p>\n<p>Les autorit\u00e9s camerounaises voient en ce projet des Turcs, une opportunit\u00e9 de faire de <strong>Wassand\u00e9<\/strong> (localit\u00e9 de la r\u00e9gion o\u00f9 sera impl\u00e9ment\u00e9 le projet) un p\u00f4le pr\u00e9mium de production industrielle de ma\u00efs, dans le but final de satisfaire la demande des agro-industries et des populations. Il devrait en tout cas booster la fili\u00e8re, qui fait partie de celles ayant besoin de v\u00e9ritables appuis pour satisfaire les besoins. Les statistiques officielles les plus r\u00e9centes parlent d\u2019une demande nationale de <strong>2,8 millions de tonnes<\/strong>, alors que l\u2019on produit <strong>2,2 millions de tonnes<\/strong>, soit un d\u00e9ficit de <strong>600 000 tonnes<\/strong> environ.<\/p>\n<div class=\"about-author about-author-box container-wrapper\">\n<div class=\"author-avatar\">\n<p><img decoding=\"async\" src=\"http:\/\/\" alt=\"\"\/><\/p>\n<\/div>\n<p><h4>La R\u00e9daction EcoMatin<\/h4>\n<\/p>\n<\/div>\n<div class=\"awac-wrapper awac widget blog_subscription-2\">\n<h4 class=\"widget-title\">Abonnez-vous \u00e0 notre lettre d&rsquo;information<\/h4>\n<\/div>\n<p>Auteur: EcoMatin<br \/>\n<a href=\"https:\/\/ecomatin.net\/letat-cede-5-000-ha-aux-turcs-dans-ladamaoua-pour-booster-la-production-de-mais\/\">Cliquez ici pour lire l&rsquo;article depuis sa source.<\/a><\/p>\n","protected":false},"excerpt":{"rendered":"<p>Selon la presse locale camerounaise, le ministre de l\u2019Agriculture et du d\u00e9veloppement rural (MINADER) entend acc\u00e9l\u00e9rer le processus de d\u00e9veloppement de la production industrielle de ma\u00efs au Cameroun. Le 27 septembre 2019, apprend-on, Gabriel Mbairobe a adress\u00e9 une correspondance au d\u00e9l\u00e9gu\u00e9 r\u00e9gional de son d\u00e9partement minist\u00e9riel pour l\u2019Adamaoua, afin que des mesures urgentes soient prises [&hellip;]<\/p>\n","protected":false},"author":1969,"featured_media":0,"comment_status":"closed","ping_status":"closed","sticky":false,"template":"","format":"standard","meta":{"fifu_image_url":"","fifu_image_alt":"","footnotes":""},"categories":[82,78],"tags":[],"class_list":["post-64617","post","type-post","status-publish","format-standard","hentry","category-cameroun","category-economie"],"_links":{"self":[{"href":"https:\/\/linitiative.ca\/International\/wp-json\/wp\/v2\/posts\/64617","targetHints":{"allow":["GET"]}}],"collection":[{"href":"https:\/\/linitiative.ca\/International\/wp-json\/wp\/v2\/posts"}],"about":[{"href":"https:\/\/linitiative.ca\/International\/wp-json\/wp\/v2\/types\/post"}],"author":[{"embeddable":true,"href":"https:\/\/linitiative.ca\/International\/wp-json\/wp\/v2\/users\/1969"}],"replies":[{"embeddable":true,"href":"https:\/\/linitiative.ca\/International\/wp-json\/wp\/v2\/comments?post=64617"}],"version-history":[{"count":0,"href":"https:\/\/linitiative.ca\/International\/wp-json\/wp\/v2\/posts\/64617\/revisions"}],"wp:attachment":[{"href":"https:\/\/linitiative.ca\/International\/wp-json\/wp\/v2\/media?parent=64617"}],"wp:term":[{"taxonomy":"category","embeddable":true,"href":"https:\/\/linitiative.ca\/International\/wp-json\/wp\/v2\/categories?post=64617"},{"taxonomy":"post_tag","embeddable":true,"href":"https:\/\/linitiative.ca\/International\/wp-json\/wp\/v2\/tags?post=64617"}],"curies":[{"name":"wp","href":"https:\/\/api.w.org\/{rel}","templated":true}]}}