{"id":64618,"date":"2019-10-16T13:26:16","date_gmt":"2019-10-16T17:26:16","guid":{"rendered":"https:\/\/linitiative.ca\/International\/lanafor-approuve-ses-etats-financiers-2018-a-225-milliards-de-fcfa\/"},"modified":"2019-10-16T13:26:16","modified_gmt":"2019-10-16T17:26:16","slug":"lanafor-approuve-ses-etats-financiers-2018-a-225-milliards-de-fcfa","status":"publish","type":"post","link":"https:\/\/linitiative.ca\/International\/lanafor-approuve-ses-etats-financiers-2018-a-225-milliards-de-fcfa\/","title":{"rendered":"L\u2019ANAFOR approuve ses \u00e9tats financiers 2018 \u00e0 2,25 milliards de FCFA"},"content":{"rendered":"<div class=\"featured-area featured-area-inner\"><img loading=\"lazy\" decoding=\"async\" width=\"768\" height=\"405\" src=\"https:\/\/i2.wp.com\/ecomatin.net\/wp-content\/uploads\/2019\/10\/ecomatin.net-lanafor-approuve-ses-etats-financiers-2018-a-225-milliards-de-fcfa-13934658-176622689415494-1016955958262351284-n.jpg?resize=768%2C405&#038;ssl=1&#038;is-pending-load=1\" class=\"attachment-jannah-image-post size-jannah-image-post wp-post-image jetpack-lazy-image\" alt=\"\" data-attachment-id=\"12991\" data-permalink=\"https:\/\/ecomatin.net\/lanafor-approuve-ses-etats-financiers-2018-a-225-milliards-de-fcfa\/13934658-176622689415494-1016955958262351284-n\/\" data-orig-file=\"https:\/\/i2.wp.com\/ecomatin.net\/wp-content\/uploads\/2019\/10\/ecomatin.net-lanafor-approuve-ses-etats-financiers-2018-a-225-milliards-de-fcfa-13934658-176622689415494-1016955958262351284-n.jpg?fit=768%2C768&#038;ssl=1\" data-orig-size=\"768,768\" data-comments-opened=\"0\" data-image-meta=\"{\"aperture\":\"0\",\"credit\":\"\",\"camera\":\"\",\"caption\":\"\",\"created_timestamp\":\"0\",\"copyright\":\"\",\"focal_length\":\"0\",\"iso\":\"0\",\"shutter_speed\":\"0\",\"title\":\"\",\"orientation\":\"0\"}\" data-image-title=\"13934658-176622689415494-1016955958262351284-n\" data-image-description=\"\" data-medium-file=\"https:\/\/i2.wp.com\/ecomatin.net\/wp-content\/uploads\/2019\/10\/ecomatin.net-lanafor-approuve-ses-etats-financiers-2018-a-225-milliards-de-fcfa-13934658-176622689415494-1016955958262351284-n.jpg?fit=300%2C300&#038;ssl=1\" data-large-file=\"https:\/\/i2.wp.com\/ecomatin.net\/wp-content\/uploads\/2019\/10\/ecomatin.net-lanafor-approuve-ses-etats-financiers-2018-a-225-milliards-de-fcfa-13934658-176622689415494-1016955958262351284-n.jpg?fit=768%2C768&#038;ssl=1\" srcset=\"data:image\/gif;base64,R0lGODlhAQABAIAAAAAAAP\/\/\/yH5BAEAAAAALAAAAAABAAEAAAIBRAA7\"\/><\/div>\n<div class=\"entry-content entry clearfix\" readability=\"55\">\n<p>R\u00e9unis en session ordinaire le 15 octobre 2019 dans la salle de conf\u00e9rence du si\u00e8ge de l\u2019Agence nationale d\u2019appui au d\u00e9veloppement forestier (<strong>ANAFOR<\/strong>), les membres de l\u2019assembl\u00e9e g\u00e9n\u00e9rale de cette institution ont d\u00e9lib\u00e9r\u00e9 essentiellement sur l\u2019examen et l\u2019adoption des comptes et des rapports du commissaire aux comptes au titre de l\u2019exercice 2018.<\/p>\n<p>Pr\u00e9sid\u00e9e par <strong>Gilbert Didier Edoa<\/strong>, en pr\u00e9sence de <strong>Denis Koutou Koulagna<\/strong>, pr\u00e9sident du conseil d\u2019administration, cette 12<sup>e<\/sup> session ordinaire a \u00e9t\u00e9 l\u2019occasion de passer en revue la mise en \u0153uvre des r\u00e9solutions prises lors de la pr\u00e9c\u00e9dente session. Bien plus, les membres de l\u2019assembl\u00e9e g\u00e9n\u00e9rale, ont approuv\u00e9 les \u00e9tats financiers de l\u2019exercice 2018 avec un total bilan de <strong>2,25 milliards de FCFA<\/strong>.<\/p>\n<p>Ainsi, l\u2019assembl\u00e9e g\u00e9n\u00e9rale de l\u2019<strong>ANAFOR<\/strong> s\u2019est mise dans le sillage du conseil d\u2019administration, qui avait d\u00e9j\u00e0 arr\u00eat\u00e9 les comptes de la soci\u00e9t\u00e9 \u00e0 ce montant en juillet dernier. A cette p\u00e9riode, le conseil d\u2019administration avait d\u00e9j\u00e0 appr\u00e9ci\u00e9 les r\u00e9sultats enregistr\u00e9s gr\u00e2ce aux r\u00e9formes entam\u00e9es par la direction g\u00e9n\u00e9rale.<\/p>\n<div class=\"about-author about-author-box container-wrapper\">\n<div class=\"author-avatar\">\n<p><img decoding=\"async\" src=\"http:\/\/\" alt=\"\"\/><\/p>\n<\/div>\n<p><h4>La R\u00e9daction EcoMatin<\/h4>\n<\/p>\n<\/div>\n<div class=\"awac-wrapper awac widget blog_subscription-2\">\n<h4 class=\"widget-title\">Abonnez-vous \u00e0 notre lettre d&rsquo;information<\/h4>\n<\/div>\n<\/div>\n<div class=\"toggle-post-content clearfix\"><a id=\"toggle-post-button\" class=\"button\" href=\"#\">Afficher plus <\/a><\/div>\n<p>Auteur: EcoMatin<br \/>\n<a href=\"https:\/\/ecomatin.net\/lanafor-approuve-ses-etats-financiers-2018-a-225-milliards-de-fcfa\/\">Cliquez ici pour lire l&rsquo;article depuis sa source.<\/a><\/p>\n","protected":false},"excerpt":{"rendered":"<p>R\u00e9unis en session ordinaire le 15 octobre 2019 dans la salle de conf\u00e9rence du si\u00e8ge de l\u2019Agence nationale d\u2019appui au d\u00e9veloppement forestier (ANAFOR), les membres de l\u2019assembl\u00e9e g\u00e9n\u00e9rale de cette institution ont d\u00e9lib\u00e9r\u00e9 essentiellement sur l\u2019examen et l\u2019adoption des comptes et des rapports du commissaire aux comptes au titre de l\u2019exercice 2018. Pr\u00e9sid\u00e9e par Gilbert [&hellip;]<\/p>\n","protected":false},"author":1969,"featured_media":0,"comment_status":"closed","ping_status":"closed","sticky":false,"template":"","format":"standard","meta":{"fifu_image_url":"","fifu_image_alt":"","footnotes":""},"categories":[82,78],"tags":[],"class_list":["post-64618","post","type-post","status-publish","format-standard","hentry","category-cameroun","category-economie"],"_links":{"self":[{"href":"https:\/\/linitiative.ca\/International\/wp-json\/wp\/v2\/posts\/64618","targetHints":{"allow":["GET"]}}],"collection":[{"href":"https:\/\/linitiative.ca\/International\/wp-json\/wp\/v2\/posts"}],"about":[{"href":"https:\/\/linitiative.ca\/International\/wp-json\/wp\/v2\/types\/post"}],"author":[{"embeddable":true,"href":"https:\/\/linitiative.ca\/International\/wp-json\/wp\/v2\/users\/1969"}],"replies":[{"embeddable":true,"href":"https:\/\/linitiative.ca\/International\/wp-json\/wp\/v2\/comments?post=64618"}],"version-history":[{"count":0,"href":"https:\/\/linitiative.ca\/International\/wp-json\/wp\/v2\/posts\/64618\/revisions"}],"wp:attachment":[{"href":"https:\/\/linitiative.ca\/International\/wp-json\/wp\/v2\/media?parent=64618"}],"wp:term":[{"taxonomy":"category","embeddable":true,"href":"https:\/\/linitiative.ca\/International\/wp-json\/wp\/v2\/categories?post=64618"},{"taxonomy":"post_tag","embeddable":true,"href":"https:\/\/linitiative.ca\/International\/wp-json\/wp\/v2\/tags?post=64618"}],"curies":[{"name":"wp","href":"https:\/\/api.w.org\/{rel}","templated":true}]}}