{"id":64627,"date":"2019-10-17T09:42:16","date_gmt":"2019-10-17T13:42:16","guid":{"rendered":"https:\/\/linitiative.ca\/International\/mecomar-lance-ses-services-a-fnideq\/"},"modified":"2019-10-17T09:42:16","modified_gmt":"2019-10-17T13:42:16","slug":"mecomar-lance-ses-services-a-fnideq","status":"publish","type":"post","link":"https:\/\/linitiative.ca\/International\/mecomar-lance-ses-services-a-fnideq\/","title":{"rendered":"Mecomar lance ses services \u00e0 Fnideq"},"content":{"rendered":"<header>\n<div class=\"entry-post-meta\">\n<div class=\"author-link\">Publi\u00e9 par <a itemprop=\"author\" itemscope=\"\" itemtype=\"https:\/\/schema.org\/Person\" href=\"http:\/\/aujourdhui.ma\/profile\/kaid\" rel=\"author\"><span itemprop=\"name\">ALM<\/span><\/a><\/div>\n<p>Date\u00a0:<time content=\"2019-10-17T14:42:16+00:00\" class=\"entry-date updated\" datetime=\"2019-10-17T14:42:16+00:00\">octobre 17, 2019<\/time><\/p>\n<div class=\"entry-cat\">dans:<a href=\"http:\/\/aujourdhui.ma\/category\/societe\" rel=\"category tag\">Soci\u00e9t\u00e9<\/a><\/div>\n<p>1Vues<\/p>\n<\/div>\n<\/header>\n<div class=\"entry-content clearfix\" readability=\"51\"><img decoding=\"async\" class=\"post_layout_5_img\" src=\"http:\/\/aujourdhui.ma\/wp-content\/uploads\/2019\/10\/Mecomar-Fnideq-1.jpg?x29840\" alt=\"Mecomar lance ses services \u00e0 Fnideq\"\/><\/p>\n<p><strong><span class=\"c4\">Gestion d\u00e9l\u00e9gu\u00e9e du service public des d\u00e9chets m\u00e9nagers et assimil\u00e9s<\/span><\/strong><span id=\"more-320463\"\/><\/p>\n<p>La nouvelle convention de gestion d\u00e9l\u00e9gu\u00e9e du service public des d\u00e9chets m\u00e9nagers et assimil\u00e9s \u00e0 Fnideq, dont la soci\u00e9t\u00e9 Mecomar est adjudicataire, d\u00e9marre. Une visite du parc roulant a pr\u00e9c\u00e9d\u00e9 \u00e0 la signature de la convention, durant laquelle le directeur g\u00e9n\u00e9ral de la soci\u00e9t\u00e9 Mecomar a pr\u00e9sent\u00e9 aux membres de la d\u00e9l\u00e9gation de la pr\u00e9fecture M\u2019diq-Fnideq l\u2019ensemble du mat\u00e9riel mis \u00e0 la disposition de cette commune.<\/p>\n<p><a href=\"http:\/\/aujourdhui.ma\/wp-content\/uploads\/2019\/10\/Mecomar-Fnideq-.jpg?x29840\"><img loading=\"lazy\" decoding=\"async\" class=\"size-full wp-image-320465 aligncenter\" src=\"http:\/\/aujourdhui.ma\/wp-content\/uploads\/2019\/10\/Mecomar-Fnideq-.jpg?x29840\" alt=\"\" width=\"746\" height=\"380\" srcset=\"http:\/\/aujourdhui.ma\/wp-content\/uploads\/2019\/10\/Mecomar-Fnideq-.jpg 746w, http:\/\/aujourdhui.ma\/wp-content\/uploads\/2019\/10\/Mecomar-Fnideq--300x153.jpg 300w\" sizes=\"auto, (max-width: 746px) 100vw, 746px\"\/><\/a><\/p>\n<p>Il s\u2019agit en effet des v\u00e9hicules et engins d\u00e9di\u00e9s \u00e0 la gestion des d\u00e9chets m\u00e9nagers et assimil\u00e9s. Ce mat\u00e9riel sera adopt\u00e9 \u00e0 partir de ce vendredi 18 octobre marquant ainsi le d\u00e9marrage effectif du service conform\u00e9ment au contrat de gestion d\u00e9l\u00e9gu\u00e9e.<\/p>\n<p><a href=\"http:\/\/aujourdhui.ma\/wp-content\/uploads\/2019\/10\/Mecomar-Fnideq-2.jpg?x29840\"><img loading=\"lazy\" decoding=\"async\" class=\"size-full wp-image-320467 aligncenter\" src=\"http:\/\/aujourdhui.ma\/wp-content\/uploads\/2019\/10\/Mecomar-Fnideq-2.jpg?x29840\" alt=\"\" width=\"746\" height=\"380\" srcset=\"http:\/\/aujourdhui.ma\/wp-content\/uploads\/2019\/10\/Mecomar-Fnideq-2.jpg 746w, http:\/\/aujourdhui.ma\/wp-content\/uploads\/2019\/10\/Mecomar-Fnideq-2-300x153.jpg 300w\" sizes=\"auto, (max-width: 746px) 100vw, 746px\"\/><\/a><\/p>\n<p>Le directeur g\u00e9n\u00e9ral de la soci\u00e9t\u00e9 a fourni des explications r\u00e9sumant la strat\u00e9gie envisag\u00e9e par la soci\u00e9t\u00e9 pour r\u00e9ussir sa mission sur le plan technique, financier et ressources humaines pour maintenir un niveau de propret\u00e9 irr\u00e9prochable sur toute la ville. Rappelons que la convention couvre une dur\u00e9e de 7 ans et porte sur un investissement total de 24,21 millions de dirhams.<\/p>\n<p><a href=\"http:\/\/aujourdhui.ma\/wp-content\/uploads\/2019\/10\/Mecomar-Fnideq.jpg?x29840\"><img loading=\"lazy\" decoding=\"async\" class=\"size-full wp-image-320469 aligncenter\" src=\"http:\/\/aujourdhui.ma\/wp-content\/uploads\/2019\/10\/Mecomar-Fnideq.jpg?x29840\" alt=\"\" width=\"746\" height=\"380\" srcset=\"http:\/\/aujourdhui.ma\/wp-content\/uploads\/2019\/10\/Mecomar-Fnideq.jpg 746w, http:\/\/aujourdhui.ma\/wp-content\/uploads\/2019\/10\/Mecomar-Fnideq-300x153.jpg 300w\" sizes=\"auto, (max-width: 746px) 100vw, 746px\"\/><\/a><\/p>\n<p><a href=\"http:\/\/aujourdhui.ma\/wp-content\/uploads\/2019\/10\/Mecomar-Fnideq-3.jpg?x29840\"><img loading=\"lazy\" decoding=\"async\" class=\"size-full wp-image-320468 aligncenter\" src=\"http:\/\/aujourdhui.ma\/wp-content\/uploads\/2019\/10\/Mecomar-Fnideq-3.jpg?x29840\" alt=\"\" width=\"746\" height=\"380\" srcset=\"http:\/\/aujourdhui.ma\/wp-content\/uploads\/2019\/10\/Mecomar-Fnideq-3.jpg 746w, http:\/\/aujourdhui.ma\/wp-content\/uploads\/2019\/10\/Mecomar-Fnideq-3-300x153.jpg 300w\" sizes=\"auto, (max-width: 746px) 100vw, 746px\"\/><\/a><\/p>\n<\/div>\n<p>Auteur: ALM<br \/>\n<a href=\"http:\/\/aujourdhui.ma\/societe\/mecomar-lance-ses-services-a-fnideq\">Cliquez ici pour lire l&rsquo;article depuis sa source.<\/a><\/p>\n","protected":false},"excerpt":{"rendered":"<p>Publi\u00e9 par ALM Date\u00a0:octobre 17, 2019 dans:Soci\u00e9t\u00e9 1Vues Gestion d\u00e9l\u00e9gu\u00e9e du service public des d\u00e9chets m\u00e9nagers et assimil\u00e9s La nouvelle convention de gestion d\u00e9l\u00e9gu\u00e9e du service public des d\u00e9chets m\u00e9nagers et assimil\u00e9s \u00e0 Fnideq, dont la soci\u00e9t\u00e9 Mecomar est adjudicataire, d\u00e9marre. Une visite du parc roulant a pr\u00e9c\u00e9d\u00e9 \u00e0 la signature de la convention, durant [&hellip;]<\/p>\n","protected":false},"author":1759,"featured_media":0,"comment_status":"closed","ping_status":"closed","sticky":false,"template":"","format":"standard","meta":{"fifu_image_url":"","fifu_image_alt":"","footnotes":""},"categories":[73,54],"tags":[],"class_list":["post-64627","post","type-post","status-publish","format-standard","hentry","category-actualite","category-maroc"],"_links":{"self":[{"href":"https:\/\/linitiative.ca\/International\/wp-json\/wp\/v2\/posts\/64627","targetHints":{"allow":["GET"]}}],"collection":[{"href":"https:\/\/linitiative.ca\/International\/wp-json\/wp\/v2\/posts"}],"about":[{"href":"https:\/\/linitiative.ca\/International\/wp-json\/wp\/v2\/types\/post"}],"author":[{"embeddable":true,"href":"https:\/\/linitiative.ca\/International\/wp-json\/wp\/v2\/users\/1759"}],"replies":[{"embeddable":true,"href":"https:\/\/linitiative.ca\/International\/wp-json\/wp\/v2\/comments?post=64627"}],"version-history":[{"count":0,"href":"https:\/\/linitiative.ca\/International\/wp-json\/wp\/v2\/posts\/64627\/revisions"}],"wp:attachment":[{"href":"https:\/\/linitiative.ca\/International\/wp-json\/wp\/v2\/media?parent=64627"}],"wp:term":[{"taxonomy":"category","embeddable":true,"href":"https:\/\/linitiative.ca\/International\/wp-json\/wp\/v2\/categories?post=64627"},{"taxonomy":"post_tag","embeddable":true,"href":"https:\/\/linitiative.ca\/International\/wp-json\/wp\/v2\/tags?post=64627"}],"curies":[{"name":"wp","href":"https:\/\/api.w.org\/{rel}","templated":true}]}}