{"id":64628,"date":"2019-10-17T09:48:52","date_gmt":"2019-10-17T13:48:52","guid":{"rendered":"https:\/\/linitiative.ca\/International\/marrakech-les-francais-en-tete-des-nuitees-et-des-arrivees-touristiques-a-fin-aout\/"},"modified":"2019-10-17T09:48:52","modified_gmt":"2019-10-17T13:48:52","slug":"marrakech-les-francais-en-tete-des-nuitees-et-des-arrivees-touristiques-a-fin-aout","status":"publish","type":"post","link":"https:\/\/linitiative.ca\/International\/marrakech-les-francais-en-tete-des-nuitees-et-des-arrivees-touristiques-a-fin-aout\/","title":{"rendered":"Marrakech : Les Fran\u00e7ais en t\u00eate des nuit\u00e9es et des arriv\u00e9es touristiques \u00e0 fin ao\u00fbt"},"content":{"rendered":"<p><img decoding=\"async\" class=\"post_layout_5_img\" src=\"http:\/\/aujourdhui.ma\/wp-content\/uploads\/2018\/07\/Tourisme-Touristes-marrakech-Jamaa-elfna.jpg?x29840\" alt=\"Marrakech : Les Fran\u00e7ais en t\u00eate des nuit\u00e9es et des arriv\u00e9es touristiques \u00e0 fin ao\u00fbt\"\/><\/p>\n<p class=\"p1\"><span class=\"c4\"><strong><span class=\"s1\">Les touristes fran\u00e7ais arrivent en t\u00eate des arriv\u00e9es et des nuit\u00e9es dans les \u00e9tablissements d\u2019h\u00e9bergement touristique class\u00e9s (EHTC) de Marrakech \u00e0 fin ao\u00fbt dernier.<\/span><\/strong><\/span><span id=\"more-320486\"\/><\/p>\n<p class=\"p1\"><span class=\"s1\">Durant la m\u00eame p\u00e9riode, ils \u00e9taient 354.333 touristes fran\u00e7ais \u00e0 visiter la cit\u00e9 ocre, soit une baisse de 2% comparativement avec la m\u00eame p\u00e9riode de l\u2019ann\u00e9e pr\u00e9c\u00e9dente (361.238 arriv\u00e9es), selon les donn\u00e9es du Conseil r\u00e9gional du tourisme (CRT) de Marrakech. Les touristes britanniques viennent en deuxi\u00e8me position en termes d\u2019arriv\u00e9es avec 137.745 (+17%), suivis des Espagnols avec 75.640 (+14%) et des Allemands avec 74.140 (-13%). Le nombre des arriv\u00e9es touristiques des Hollandais a enregistr\u00e9 la plus forte hausse avec 33%.<\/span><\/p>\n<p class=\"p1\"><span class=\"s1\">Concernant les nuit\u00e9es durant la p\u00e9riode janvier-ao\u00fbt, les Fran\u00e7ais arrivent aussi en t\u00eate avec 1.481.277 (-2%), suivis des Britanniques avec 623.560 (+10%), des Allemands avec 235.210 (-9%) et des Espagnols avec 207.442 (+15%). Le march\u00e9 hollandais a enregistr\u00e9 la plus forte hausse de nuit\u00e9es avec 25%, suivi du march\u00e9 italien avec 23%.<\/span><\/p>\n<p class=\"p1\"><span class=\"s1\">Le taux d\u2019occupation durant la m\u00eame p\u00e9riode a \u00e9t\u00e9 de 64%, soit une hausse par rapport \u00e0 la m\u00eame p\u00e9riode de l\u2019ann\u00e9e pr\u00e9c\u00e9dente (59%) alors que la dur\u00e9e moyenne de s\u00e9jour a \u00e9t\u00e9 de 3 nuits, soit autant que durant la m\u00eame p\u00e9riode de l\u2019ann\u00e9e derni\u00e8re.<\/span><\/p>\n<p class=\"p1\"><span class=\"s1\">Concernant le mois d\u2019ao\u00fbt, les Fran\u00e7ais arrivent \u00e9galement en t\u00eate des arriv\u00e9es avec 48.945 (-11%), suivis des Britanniques avec 16.752 (+12%), et les Espagnols avec 9.730 (+8%). Le march\u00e9 hollandais a enregistr\u00e9 la plus forte hausse avec 23%.<\/span><\/p>\n<p class=\"p1\"><span class=\"s1\">S\u2019agissant des nuit\u00e9es durant le mois d\u2019ao\u00fbt, les Fran\u00e7ais arrivent en t\u00eate avec 242.785 (-7%), suivis des Britanniques avec 95.170 (+12%) et les Espagnols avec 28.815 (+7%). Le taux d\u2019occupation durant le mois d\u2019ao\u00fbt dernier a \u00e9t\u00e9 de 74%, soit une hausse par rapport \u00e0 la m\u00eame p\u00e9riode de l\u2019ann\u00e9e pr\u00e9c\u00e9dente (70%) alors que la dur\u00e9e moyenne de s\u00e9jour a \u00e9t\u00e9 de 4 nuits, soit autant que durant la m\u00eame p\u00e9riode de l\u2019ann\u00e9e derni\u00e8re.<\/span><\/p>\n<p class=\"p1\"><span class=\"s1\">A rappeler que le nombre de nuit\u00e9es dans les \u00e9tablissements d\u2019h\u00e9bergement touristique class\u00e9s (EHTC) de Marrakech a enregistr\u00e9 durant la p\u00e9riode janvier-ao\u00fbt de l\u2019ann\u00e9e en cours une hausse de 8% par rapport \u00e0 la m\u00eame p\u00e9riode de 2018.<\/span><\/p>\n<p class=\"p1\"><span class=\"s1\">Les nuit\u00e9es dans les EHTC de Marrakech ont totalis\u00e9 quelque 5.561.491 durant la m\u00eame p\u00e9riode contre 5.167.810 durant la p\u00e9riode janvier-ao\u00fbt de l\u2019ann\u00e9e pr\u00e9c\u00e9dente.<\/span><\/p>\n<p>Auteur: ALM<br \/>\n<a href=\"http:\/\/aujourdhui.ma\/economie\/marrakech-les-francais-en-tete-des-nuitees-et-des-arrivees-touristiques-a-fin-aout\">Cliquez ici pour lire l&rsquo;article depuis sa source.<\/a><\/p>\n","protected":false},"excerpt":{"rendered":"<p>Les touristes fran\u00e7ais arrivent en t\u00eate des arriv\u00e9es et des nuit\u00e9es dans les \u00e9tablissements d\u2019h\u00e9bergement touristique class\u00e9s (EHTC) de Marrakech \u00e0 fin ao\u00fbt dernier. Durant la m\u00eame p\u00e9riode, ils \u00e9taient 354.333 touristes fran\u00e7ais \u00e0 visiter la cit\u00e9 ocre, soit une baisse de 2% comparativement avec la m\u00eame p\u00e9riode de l\u2019ann\u00e9e pr\u00e9c\u00e9dente (361.238 arriv\u00e9es), selon les [&hellip;]<\/p>\n","protected":false},"author":1759,"featured_media":0,"comment_status":"closed","ping_status":"closed","sticky":false,"template":"","format":"standard","meta":{"fifu_image_url":"","fifu_image_alt":"","footnotes":""},"categories":[73,54],"tags":[],"class_list":["post-64628","post","type-post","status-publish","format-standard","hentry","category-actualite","category-maroc"],"_links":{"self":[{"href":"https:\/\/linitiative.ca\/International\/wp-json\/wp\/v2\/posts\/64628","targetHints":{"allow":["GET"]}}],"collection":[{"href":"https:\/\/linitiative.ca\/International\/wp-json\/wp\/v2\/posts"}],"about":[{"href":"https:\/\/linitiative.ca\/International\/wp-json\/wp\/v2\/types\/post"}],"author":[{"embeddable":true,"href":"https:\/\/linitiative.ca\/International\/wp-json\/wp\/v2\/users\/1759"}],"replies":[{"embeddable":true,"href":"https:\/\/linitiative.ca\/International\/wp-json\/wp\/v2\/comments?post=64628"}],"version-history":[{"count":0,"href":"https:\/\/linitiative.ca\/International\/wp-json\/wp\/v2\/posts\/64628\/revisions"}],"wp:attachment":[{"href":"https:\/\/linitiative.ca\/International\/wp-json\/wp\/v2\/media?parent=64628"}],"wp:term":[{"taxonomy":"category","embeddable":true,"href":"https:\/\/linitiative.ca\/International\/wp-json\/wp\/v2\/categories?post=64628"},{"taxonomy":"post_tag","embeddable":true,"href":"https:\/\/linitiative.ca\/International\/wp-json\/wp\/v2\/tags?post=64628"}],"curies":[{"name":"wp","href":"https:\/\/api.w.org\/{rel}","templated":true}]}}