{"id":64631,"date":"2019-10-17T11:00:48","date_gmt":"2019-10-17T15:00:48","guid":{"rendered":"https:\/\/linitiative.ca\/International\/melehi-exprime-ses-inquietudes-face-au-changement-climatique\/"},"modified":"2019-10-17T11:00:48","modified_gmt":"2019-10-17T15:00:48","slug":"melehi-exprime-ses-inquietudes-face-au-changement-climatique","status":"publish","type":"post","link":"https:\/\/linitiative.ca\/International\/melehi-exprime-ses-inquietudes-face-au-changement-climatique\/","title":{"rendered":"Melehi exprime ses inqui\u00e9tudes face au changement climatique"},"content":{"rendered":"<p><img decoding=\"async\" class=\"post_layout_5_img\" src=\"http:\/\/aujourdhui.ma\/wp-content\/uploads\/2019\/10\/Mohamed-Melehi-exposition.jpg?x29840\" alt=\"Melehi exprime ses inqui\u00e9tudes face au changement climatique\"\/><\/p>\n<p class=\"p1\"><span class=\"c5\"><strong><span class=\"c4\"><em>Il revient \u00e0 la Loft Art Gallery de Casablanca<\/em><\/span><\/strong><\/span> <span id=\"more-320450\"\/><\/p>\n<div class=\"base-box mom_box_sc_custom mom_box_sc clear c6\" readability=\"8\">\n<p class=\"p1\"><span class=\"s1\"><em><strong>Les tableaux de l\u2019artiste refl\u00e8tent symboliquement les attentes et les pr\u00e9occupations des enjeux environnementaux d\u2019aujourd\u2019hui et de demain.<\/strong><\/em><\/span><\/p>\n<\/div>\n<p class=\"p1\"><span class=\"s1\">Mohamed Melehi, l\u2019une des figures incontournables de l\u2019art marocain, revient \u00e0 la Loft Art Gallery de Casablanca avec \u00abMelehi et le D\u00e9luge\u00bb. Il s\u2019agit d\u2019une nouvelle exposition o\u00f9 l\u2019artiste continue sa r\u00e9flexion sur la probl\u00e9matique climatique que vit l\u2019humanit\u00e9 \u00e0 pr\u00e9sent. C\u2019est un travail fait suite \u00e0 l\u2019exposition \u00abHymne au climat\u00bb qui a eu lieu \u00e0 la m\u00eame galerie et sp\u00e9cialement r\u00e9alis\u00e9e par l\u2019artiste lors de la Conf\u00e9rence internationale sur le climat (COP22) tenue \u00e0 Marrakech en octobre 2016. <em>\u00abLa cr\u00e9ation plastique actuelle de l\u2019artiste est mise au service de l\u2019actualit\u00e9, tous les matins nous nous r\u00e9veillons sur des images surprenantes dans les m\u00e9dias ; tant\u00f4t des incendies spectaculaires en Amazonie, des inondations couvrant la moiti\u00e9 du pays, notamment dans le sud marocain et des ouragans d\u00e9vastateurs aux Bahamas et \u00c9tats-Unis entra\u00eenant plusieurs vies humaines.<\/em><\/span><\/p>\n<p class=\"p1\"><span class=\"s1\"><em>De l\u00e0 le titre de cette exposition : Melehi et le D\u00e9luge \u00bb,<\/em> explique \u00e0 ce sujet la galerie dans une note d\u2019information. A travers ses \u0153uvres, Melehi aborde ces sujets avec sensibilit\u00e9 et force en pla\u00e7ant ses cr\u00e9ations au c\u0153ur des inqui\u00e9tudes de l\u2019actualit\u00e9 mondiale. Ses tableaux refl\u00e8tent symboliquement les attentes et les pr\u00e9occupations des enjeux environnementaux d\u2019aujourd\u2019hui et de demain.<\/span><\/p>\n<p class=\"p1\"><span class=\"s1\"><em>\u00abLes ondulations qui autrefois s\u2019appelaient flammes et semblaient sortir tout fra\u00eechement d\u2019une \u00e2me adoucie par la m\u00e9ditation mystique, changent de position dans cette exposition et deviennent flots d\u00e9bordants. Elles ponctuent l\u2019horizon et laissent se d\u00e9couvrir un paysage enflamm\u00e9 par les foudres, les nuages denses et les grondements des tonnerres\u00bb,<\/em> indique-t-on. Mohamed Melehi n\u2019est plus \u00e0 pr\u00e9senter. Il est l\u2019un des artistes qui ont mis un point d\u2019honneur \u00e0 instiller une part de leur identit\u00e9 propre dans leurs cr\u00e9ations. Aujourd\u2019hui consid\u00e9r\u00e9 parmi les pionniers de l\u2019art moderne au Maroc aux c\u00f4t\u00e9s d\u2019Ahmed Cherkaoui, Jilali Gharbaoui et Farid Belkahia, il a \u00e9t\u00e9 \u00e0 l\u2019origine d\u2019un dialogue esth\u00e9tique entre h\u00e9ritage culturel et culture visuelle postcoloniale. N\u00e9 en 1936 \u00e0 Asilah, il fait ses \u00e9tudes \u00e0 l\u2019Ecole des beaux-arts de T\u00e9touan et de Paris. Son parcours se poursuit \u00e0 S\u00e9ville et \u00e0 Madrid en 1955, puis en Italie, en France et enfin \u00e0 New York, en 1962. L\u00e0-bas, les rues grouillantes de monde et la vie artistique florissante ont largement inspir\u00e9 l\u2019artiste. Ses travaux de l\u2019\u00e9poque am\u00e9ricaine sont issus d\u2019une palette de couleurs qui rappelle les tons du blues et du jazz, musiques que le peintre affectionne particuli\u00e8rement.<\/span><\/p>\n<p class=\"p1\"><span class=\"s1\">Exposition \u00e0 d\u00e9couvrir du 16 octobre au 15 novembre 2019.<\/span><\/p>\n<p>Auteur: Siham Jadraoui<br \/>\n<a href=\"http:\/\/aujourdhui.ma\/culture\/melehi-exprime-ses-inquietudes-face-au-changement-climatique\">Cliquez ici pour lire l&rsquo;article depuis sa source.<\/a><\/p>\n","protected":false},"excerpt":{"rendered":"<p>Il revient \u00e0 la Loft Art Gallery de Casablanca Les tableaux de l\u2019artiste refl\u00e8tent symboliquement les attentes et les pr\u00e9occupations des enjeux environnementaux d\u2019aujourd\u2019hui et de demain. Mohamed Melehi, l\u2019une des figures incontournables de l\u2019art marocain, revient \u00e0 la Loft Art Gallery de Casablanca avec \u00abMelehi et le D\u00e9luge\u00bb. Il s\u2019agit d\u2019une nouvelle exposition o\u00f9 [&hellip;]<\/p>\n","protected":false},"author":1759,"featured_media":0,"comment_status":"closed","ping_status":"closed","sticky":false,"template":"","format":"standard","meta":{"fifu_image_url":"","fifu_image_alt":"","footnotes":""},"categories":[73,54],"tags":[],"class_list":["post-64631","post","type-post","status-publish","format-standard","hentry","category-actualite","category-maroc"],"_links":{"self":[{"href":"https:\/\/linitiative.ca\/International\/wp-json\/wp\/v2\/posts\/64631","targetHints":{"allow":["GET"]}}],"collection":[{"href":"https:\/\/linitiative.ca\/International\/wp-json\/wp\/v2\/posts"}],"about":[{"href":"https:\/\/linitiative.ca\/International\/wp-json\/wp\/v2\/types\/post"}],"author":[{"embeddable":true,"href":"https:\/\/linitiative.ca\/International\/wp-json\/wp\/v2\/users\/1759"}],"replies":[{"embeddable":true,"href":"https:\/\/linitiative.ca\/International\/wp-json\/wp\/v2\/comments?post=64631"}],"version-history":[{"count":0,"href":"https:\/\/linitiative.ca\/International\/wp-json\/wp\/v2\/posts\/64631\/revisions"}],"wp:attachment":[{"href":"https:\/\/linitiative.ca\/International\/wp-json\/wp\/v2\/media?parent=64631"}],"wp:term":[{"taxonomy":"category","embeddable":true,"href":"https:\/\/linitiative.ca\/International\/wp-json\/wp\/v2\/categories?post=64631"},{"taxonomy":"post_tag","embeddable":true,"href":"https:\/\/linitiative.ca\/International\/wp-json\/wp\/v2\/tags?post=64631"}],"curies":[{"name":"wp","href":"https:\/\/api.w.org\/{rel}","templated":true}]}}