{"id":64633,"date":"2019-10-17T10:17:47","date_gmt":"2019-10-17T14:17:47","guid":{"rendered":"https:\/\/linitiative.ca\/International\/centre-du-registre-national-des-entreprises-appel-aux-entreprises-a-regulariser-leur-situation-fiscale\/"},"modified":"2019-10-17T10:17:47","modified_gmt":"2019-10-17T14:17:47","slug":"centre-du-registre-national-des-entreprises-appel-aux-entreprises-a-regulariser-leur-situation-fiscale","status":"publish","type":"post","link":"https:\/\/linitiative.ca\/International\/centre-du-registre-national-des-entreprises-appel-aux-entreprises-a-regulariser-leur-situation-fiscale\/","title":{"rendered":"Centre du Registre National des Entreprises : Appel aux entreprises \u00e0 r\u00e9gulariser leur situation fiscale"},"content":{"rendered":"<p>Le Centre du Registre National des Entreprises relevant de la Direction G\u00e9n\u00e9rale des Imp\u00f4ts, a invit\u00e9, mercredi, dans un communiqu\u00e9, tous les contribuables \u00e0 r\u00e9gulariser leur situation fiscale dans un d\u00e9lai ne d\u00e9passant pas les 15 jours, \u00e0 partir du 16 octobre 2019, et ce afin d\u2019\u00e9viter les sanctions.<\/p>\n<p>En effet, en vertu de la loi N\u00b052-2018 relative au registre national des entreprises et sp\u00e9cialement les articles 11 et 41 de ladite loi, la mention dans le registre du d\u00e9faut par les entreprises de d\u00e9p\u00f4t de leurs d\u00e9clarations fiscales, est obligatoire au bout de 12 mois cons\u00e9cutifs de d\u00e9faut.<\/p>\n<p>Au cas o\u00f9 le d\u00e9faut d\u00e9passe les 24 mois cons\u00e9cutifs, la sanction sera le d\u00e9clenchement de la proc\u00e9dure de la radiation du registre national des entreprises.<\/p>\n<p class=\"dpsp-share-text\">Partager c&rsquo;est aimer!<\/p>\n<div class=\"wp-post-author-wrap wp-post-author-shortcode left\">\n<h3 class=\"awpa-title\"\/>\n<div class=\"wp-post-author\">\n<div class=\"awpa-img awpa-author-block square\"><a href=\"http:\/\/lexpertjournal.net\/fr\/author\/expert\/\"><img loading=\"lazy\" decoding=\"async\" alt=\"\" src=\"http:\/\/2.gravatar.com\/avatar\/56d99be2a6f97af88ccb49fada637fcd?s=150&#038;d=mm&#038;r=g\" srcset=\"http:\/\/2.gravatar.com\/avatar\/56d99be2a6f97af88ccb49fada637fcd?s=300&#038;d=mm&#038;r=g 2x\" class=\"avatar avatar-150 photo\" height=\"150\" width=\"150\"\/><\/a><\/div>\n<\/div>\n<\/div>\n<p>Auteur: L&rsquo;expert<br \/>\n<a href=\"http:\/\/lexpertjournal.net\/fr\/2019\/10\/17\/centre-du-registre-national-des-entreprises-appel-aux-entreprises-a-regulariser-leur-situation-fiscale\/\">Cliquez ici pour lire l&rsquo;article depuis sa source.<\/a><\/p>\n","protected":false},"excerpt":{"rendered":"<p>Le Centre du Registre National des Entreprises relevant de la Direction G\u00e9n\u00e9rale des Imp\u00f4ts, a invit\u00e9, mercredi, dans un communiqu\u00e9, tous les contribuables \u00e0 r\u00e9gulariser leur situation fiscale dans un d\u00e9lai ne d\u00e9passant pas les 15 jours, \u00e0 partir du 16 octobre 2019, et ce afin d\u2019\u00e9viter les sanctions. En effet, en vertu de la [&hellip;]<\/p>\n","protected":false},"author":1775,"featured_media":0,"comment_status":"closed","ping_status":"closed","sticky":false,"template":"","format":"standard","meta":{"fifu_image_url":"","fifu_image_alt":"","footnotes":""},"categories":[78,55],"tags":[],"class_list":["post-64633","post","type-post","status-publish","format-standard","hentry","category-economie","category-tunisie"],"_links":{"self":[{"href":"https:\/\/linitiative.ca\/International\/wp-json\/wp\/v2\/posts\/64633","targetHints":{"allow":["GET"]}}],"collection":[{"href":"https:\/\/linitiative.ca\/International\/wp-json\/wp\/v2\/posts"}],"about":[{"href":"https:\/\/linitiative.ca\/International\/wp-json\/wp\/v2\/types\/post"}],"author":[{"embeddable":true,"href":"https:\/\/linitiative.ca\/International\/wp-json\/wp\/v2\/users\/1775"}],"replies":[{"embeddable":true,"href":"https:\/\/linitiative.ca\/International\/wp-json\/wp\/v2\/comments?post=64633"}],"version-history":[{"count":0,"href":"https:\/\/linitiative.ca\/International\/wp-json\/wp\/v2\/posts\/64633\/revisions"}],"wp:attachment":[{"href":"https:\/\/linitiative.ca\/International\/wp-json\/wp\/v2\/media?parent=64633"}],"wp:term":[{"taxonomy":"category","embeddable":true,"href":"https:\/\/linitiative.ca\/International\/wp-json\/wp\/v2\/categories?post=64633"},{"taxonomy":"post_tag","embeddable":true,"href":"https:\/\/linitiative.ca\/International\/wp-json\/wp\/v2\/tags?post=64633"}],"curies":[{"name":"wp","href":"https:\/\/api.w.org\/{rel}","templated":true}]}}