{"id":64636,"date":"2019-10-17T10:32:00","date_gmt":"2019-10-17T14:32:00","guid":{"rendered":"https:\/\/linitiative.ca\/International\/cooperation-tuniso-allemande-appel-a-candidatures-pour-le-financement-de-projets-communs-de-recherche-et-dinnovation\/"},"modified":"2019-10-17T10:32:00","modified_gmt":"2019-10-17T14:32:00","slug":"cooperation-tuniso-allemande-appel-a-candidatures-pour-le-financement-de-projets-communs-de-recherche-et-dinnovation","status":"publish","type":"post","link":"https:\/\/linitiative.ca\/International\/cooperation-tuniso-allemande-appel-a-candidatures-pour-le-financement-de-projets-communs-de-recherche-et-dinnovation\/","title":{"rendered":"Coop\u00e9ration tuniso-allemande :  Appel \u00e0 candidatures pour le financement de projets communs de recherche et d\u2019innovation"},"content":{"rendered":"<p>Le minist\u00e8re de l\u2019enseignement sup\u00e9rieur et de la recherche scientifique a annonc\u00e9, conjointement avec le minist\u00e8re f\u00e9d\u00e9ral allemand de l\u2019\u00e9ducation et de la Recherche scientifique le lancement d\u2019un appel \u00e0 candidatures pour le financement de projets communs de recherche et d\u2019innovation regroupant une structure de recherche scientifique et une entreprise \u00e9conomique des deux pays.<\/p>\n<p>La date limite de d\u00e9p\u00f4t des candidatures a \u00e9t\u00e9 fix\u00e9e au 18 mars 2020.<\/p>\n<p>D\u2019une dur\u00e9e maximale de 36 mois, les projets conjoints de recherche et d\u2019innovation portent sur plusieurs domaines \u00e0 l\u2019instar de la gestion de l\u2019eau et de l\u2019alimentation, la num\u00e9risation et l\u2019\u00e9conomie verte.<\/p>\n<p>Le financement de ces projets s\u2019inscrit dans le cadre de la coop\u00e9ration tuniso-allemande dans le domaine de la recherche et de l\u2019innovation et vise \u00e0 promouvoir le partenariat entre les structures de recherche et l\u2019environnement \u00e9conomique \u00e0 travers la valorisation des r\u00e9sultats de la recherche scientifique, lit-on de m\u00eame source.<\/p>\n<p>Une plateforme en ligne pour la recherche de partenaires ainsi qu\u2019un lien pour l\u2019envoi des candidatures seront cr\u00e9\u00e9s ult\u00e9rieurement.<\/p>\n<p class=\"dpsp-share-text\">Partager c&rsquo;est aimer!<\/p>\n<div class=\"wp-post-author-wrap wp-post-author-shortcode left\">\n<h3 class=\"awpa-title\"\/>\n<div class=\"wp-post-author\">\n<div class=\"awpa-img awpa-author-block square\"><a href=\"http:\/\/lexpertjournal.net\/fr\/author\/expert\/\"><img loading=\"lazy\" decoding=\"async\" alt=\"\" src=\"http:\/\/2.gravatar.com\/avatar\/56d99be2a6f97af88ccb49fada637fcd?s=150&#038;d=mm&#038;r=g\" srcset=\"http:\/\/2.gravatar.com\/avatar\/56d99be2a6f97af88ccb49fada637fcd?s=300&#038;d=mm&#038;r=g 2x\" class=\"avatar avatar-150 photo\" height=\"150\" width=\"150\"\/><\/a><\/div>\n<\/div>\n<\/div>\n<p>Auteur: L&rsquo;expert<br \/>\n<a href=\"http:\/\/lexpertjournal.net\/fr\/2019\/10\/17\/cooperation-tuniso-allemande-appel-a-candidatures-pour-le-financement-de-projets-communs-de-recherche-et-dinnovation\/\">Cliquez ici pour lire l&rsquo;article depuis sa source.<\/a><\/p>\n","protected":false},"excerpt":{"rendered":"<p>Le minist\u00e8re de l\u2019enseignement sup\u00e9rieur et de la recherche scientifique a annonc\u00e9, conjointement avec le minist\u00e8re f\u00e9d\u00e9ral allemand de l\u2019\u00e9ducation et de la Recherche scientifique le lancement d\u2019un appel \u00e0 candidatures pour le financement de projets communs de recherche et d\u2019innovation regroupant une structure de recherche scientifique et une entreprise \u00e9conomique des deux pays. La [&hellip;]<\/p>\n","protected":false},"author":1775,"featured_media":0,"comment_status":"closed","ping_status":"closed","sticky":false,"template":"","format":"standard","meta":{"fifu_image_url":"","fifu_image_alt":"","footnotes":""},"categories":[78,55],"tags":[],"class_list":["post-64636","post","type-post","status-publish","format-standard","hentry","category-economie","category-tunisie"],"_links":{"self":[{"href":"https:\/\/linitiative.ca\/International\/wp-json\/wp\/v2\/posts\/64636","targetHints":{"allow":["GET"]}}],"collection":[{"href":"https:\/\/linitiative.ca\/International\/wp-json\/wp\/v2\/posts"}],"about":[{"href":"https:\/\/linitiative.ca\/International\/wp-json\/wp\/v2\/types\/post"}],"author":[{"embeddable":true,"href":"https:\/\/linitiative.ca\/International\/wp-json\/wp\/v2\/users\/1775"}],"replies":[{"embeddable":true,"href":"https:\/\/linitiative.ca\/International\/wp-json\/wp\/v2\/comments?post=64636"}],"version-history":[{"count":0,"href":"https:\/\/linitiative.ca\/International\/wp-json\/wp\/v2\/posts\/64636\/revisions"}],"wp:attachment":[{"href":"https:\/\/linitiative.ca\/International\/wp-json\/wp\/v2\/media?parent=64636"}],"wp:term":[{"taxonomy":"category","embeddable":true,"href":"https:\/\/linitiative.ca\/International\/wp-json\/wp\/v2\/categories?post=64636"},{"taxonomy":"post_tag","embeddable":true,"href":"https:\/\/linitiative.ca\/International\/wp-json\/wp\/v2\/tags?post=64636"}],"curies":[{"name":"wp","href":"https:\/\/api.w.org\/{rel}","templated":true}]}}