{"id":64639,"date":"2019-10-17T13:04:50","date_gmt":"2019-10-17T17:04:50","guid":{"rendered":"https:\/\/linitiative.ca\/International\/allah-yajaal-men-khimatna-khiam-un-festival-pour-valoriser-la-culture-et-le-dialogue\/"},"modified":"2019-10-17T13:04:50","modified_gmt":"2019-10-17T17:04:50","slug":"allah-yajaal-men-khimatna-khiam-un-festival-pour-valoriser-la-culture-et-le-dialogue","status":"publish","type":"post","link":"https:\/\/linitiative.ca\/International\/allah-yajaal-men-khimatna-khiam-un-festival-pour-valoriser-la-culture-et-le-dialogue\/","title":{"rendered":"\u00ab\u00a0Allah Yajaal Men Khimatna Khiam\u00a0\u00bb: un festival pour valoriser la culture et le dialogue"},"content":{"rendered":"<div readability=\"39\">\n<p><strong>BECHAR- La manifestation culturelle \u00ab\u00a0Allah Yajaal Men Khimatna Khiam\u00a0\u00bb, dont le coup d\u2019envoi est pr\u00e9vu jeudi apr\u00e8s-midi \u00e0 Bechar, est un festival visant \u00e0 valoriser la culture et le dialogue entre les\u00a0acteurs culturels, les jeunes et la population dans le but de pr\u00e9server et de conforter le patrimoine culturel de la Saoura, selon les organisateurs.<\/strong><\/p>\n<\/div>\n<div readability=\"84.7173144876\">\n<p>\u00ab\u00a0Notre festival, qui est n\u00e9 d\u2019une volont\u00e9 de promouvoir les diff\u00e9rents aspects de la culture locale et des diff\u00e9rentes activit\u00e9s culturelles et artistiques des associations de jeunes activant dans ce domaine, se veut un espace aussi de dialogue avec la population pour contribuer aux actions et op\u00e9rations de sauvegarde et de valorisation du patrimoine mat\u00e9riel et immat\u00e9riel de notre r\u00e9gion\u00a0\u00bb, a pr\u00e9cis\u00e9 a l\u2019APS M. Rahou Noureddine, pr\u00e9sident de l\u2019association culturelle \u00ab\u00a0Saharienne\u00a0\u00bb, coorganisatrice de l\u2019\u00e9v\u00e8nement avec plusieurs associations locales.<\/p>\n<p>\u00ab\u00a0Nous voulons \u00e0 travers ce festival qui sera anim\u00e9 par 320 artistes locaux, rendre acteur les jeunes artistes pour qu\u2019ils puissent se faire connaitre aupr\u00e8s du public local au titre d\u2019un dialogue artistique entre eux et les spectateurs appel\u00e9s \u00e0 assister \u00e0 leurs repr\u00e9sentations pr\u00e9vues en soir\u00e9e \u00e0 l\u2019esplanade de la piscine Olympique de Bechar\u00a0\u00bb, a-t-il dit.\u00a0\u00a0\u00a0 Le festival organis\u00e9 avec la collaboration de plusieurs associations culturelles et sportives de jeunes du cru, permettra de mettre en relief le r\u00f4le des jeunes dans la pr\u00e9servation et la p\u00e9rennisation du patrimoine culturel et sportif de la Saoura, a-t-il soulign\u00e9.<\/p>\n<hr\/>\n<p>Lire aussi: <a href=\"http:\/\/www.aps.dz\/culture\/95393-bechar-allah-yajaal-men-khimatna-khiam-un-nouveau-festival-artistique-et-culturel\">\u00a0Bechar: \u00ab\u00a0Allah, Yajaal Men Khimatna Khiam\u00a0\u00bb, un nouveau festival artistique et culturel\u00a0<\/a><\/p>\n<hr\/>\n<p>A ce titre, et en plus des expositions de diff\u00e9rentes facettes du patrimoine local, il est pr\u00e9vu des exhibitions de jeunes cavaliers et m\u00e9haristes de la commune frontali\u00e8re de B\u00e9ni-Ounif, ainsi que des\u00a0d\u00e9monstrations du savoir faire de plusieurs artisans et artistes locaux sp\u00e9cialis\u00e9s dans les tableaux de sables ainsi que sur la sculpture sur\u00a0 troncs de palmiers.<\/p>\n<blockquote readability=\"16\">\n<p><strong>Pour la premi\u00e8re \u00e9dition de \u00ab\u00a0Allah Yajaal Men Khimatna Khiam\u00a0\u00bb, les jeunes notamment les artistes, artisans (ma\u00e7ons, peintres, soudeurs, menuisiers, couturiers, etc) et autres ont \u00e9t\u00e9 les seuls \u00e0 contribuer financi\u00e8rement et mat\u00e9riellement \u00e0 son organisation \u00e0 travers la mise en \u0153uvre de leur savoir\u00a0faire pour la mise en place du volet logistique, a ajout\u00e9 M.Rahou.<\/strong><\/p>\n<\/blockquote>\n<p>\u00ab\u00a0Gr\u00e2ce \u00e0 la contribution active de ces jeunes, nous avons pu monter et mettre en place la logistique du festival, notamment les dix (10) stands d\u2019expositions, la sc\u00e8ne des spectacles ainsi que les modules transport, h\u00e9bergement et restauration des participants\u00a0\u00bb, a pr\u00e9cis\u00e9 le premier responsable de l\u2019association Saharienne.<\/p>\n<p>Le programme de cette manifestation qui s\u2019\u00e9talera sur un mois (17 octobre-17 novembre), sera aussi une grande occasion pour la comm\u00e9moration du 65\u00e8me anniversaire du d\u00e9clenchement de la R\u00e9volution du 1er Novembre 1954.<\/p>\n<p>Un programme sp\u00e9cial est pr\u00e9vu \u00e0 l\u2019occasion de la c\u00e9l\u00e9bration de l\u2019anniversaire de cette grande \u00e9tape de l\u2019histoire du pays et du peuple alg\u00e9rien, a assur\u00e9 M. Rahou.<\/p>\n<\/div>\n<p>Auteur:<br \/>\n<a href=\"http:\/\/www.aps.dz\/culture\/95810-allah-yajaal-men-khimatna-khiam-un-festival-pour-valoriser-la-culture-et-le-dialogue\">Cliquez ici pour lire l&rsquo;article depuis sa source.<\/a><\/p>\n","protected":false},"excerpt":{"rendered":"<p>BECHAR- La manifestation culturelle \u00ab\u00a0Allah Yajaal Men Khimatna Khiam\u00a0\u00bb, dont le coup d\u2019envoi est pr\u00e9vu jeudi apr\u00e8s-midi \u00e0 Bechar, est un festival visant \u00e0 valoriser la culture et le dialogue entre les\u00a0acteurs culturels, les jeunes et la population dans le but de pr\u00e9server et de conforter le patrimoine culturel de la Saoura, selon les organisateurs. [&hellip;]<\/p>\n","protected":false},"author":1790,"featured_media":0,"comment_status":"closed","ping_status":"closed","sticky":false,"template":"","format":"standard","meta":{"fifu_image_url":"","fifu_image_alt":"","footnotes":""},"categories":[53,79],"tags":[],"class_list":["post-64639","post","type-post","status-publish","format-standard","hentry","category-algerie","category-culture"],"_links":{"self":[{"href":"https:\/\/linitiative.ca\/International\/wp-json\/wp\/v2\/posts\/64639","targetHints":{"allow":["GET"]}}],"collection":[{"href":"https:\/\/linitiative.ca\/International\/wp-json\/wp\/v2\/posts"}],"about":[{"href":"https:\/\/linitiative.ca\/International\/wp-json\/wp\/v2\/types\/post"}],"author":[{"embeddable":true,"href":"https:\/\/linitiative.ca\/International\/wp-json\/wp\/v2\/users\/1790"}],"replies":[{"embeddable":true,"href":"https:\/\/linitiative.ca\/International\/wp-json\/wp\/v2\/comments?post=64639"}],"version-history":[{"count":0,"href":"https:\/\/linitiative.ca\/International\/wp-json\/wp\/v2\/posts\/64639\/revisions"}],"wp:attachment":[{"href":"https:\/\/linitiative.ca\/International\/wp-json\/wp\/v2\/media?parent=64639"}],"wp:term":[{"taxonomy":"category","embeddable":true,"href":"https:\/\/linitiative.ca\/International\/wp-json\/wp\/v2\/categories?post=64639"},{"taxonomy":"post_tag","embeddable":true,"href":"https:\/\/linitiative.ca\/International\/wp-json\/wp\/v2\/tags?post=64639"}],"curies":[{"name":"wp","href":"https:\/\/api.w.org\/{rel}","templated":true}]}}