{"id":64641,"date":"2019-10-17T13:04:59","date_gmt":"2019-10-17T17:04:59","guid":{"rendered":"https:\/\/linitiative.ca\/International\/le-15eme-fisahara-debute-sous-le-signe-dappel-a-la-cessation-immediate-de-la-repression-marocaine-des-sahraouis\/"},"modified":"2019-10-17T13:04:59","modified_gmt":"2019-10-17T17:04:59","slug":"le-15eme-fisahara-debute-sous-le-signe-dappel-a-la-cessation-immediate-de-la-repression-marocaine-des-sahraouis","status":"publish","type":"post","link":"https:\/\/linitiative.ca\/International\/le-15eme-fisahara-debute-sous-le-signe-dappel-a-la-cessation-immediate-de-la-repression-marocaine-des-sahraouis\/","title":{"rendered":"Le 15\u00e8me FISAHARA d\u00e9bute sous le signe d&rsquo;appel \u00e0 la cessation imm\u00e9diate de la r\u00e9pression marocaine des Sahraouis"},"content":{"rendered":"<div readability=\"38\">\n<p><strong>AOUSSERD (camp de r\u00e9fugi\u00e9s sahraouis- La 15\u00e8me \u00e9dition du Festival international du film du Sahara occidental, connu sous le nom de \u00ab\u00a0FISAHARA, a d\u00e9but\u00e9 mercredi soir dans le camp de r\u00e9fugi\u00e9s d&rsquo;Aousserd, sous le signe d&rsquo;appel \u00e0 \u00ab\u00a0la cessation imm\u00e9diate de la r\u00e9pression marocaine au Sahara occidental\u00a0\u00bb.<\/strong><\/p>\n<\/div>\n<div readability=\"113.5\">\n<p>Inaugur\u00e9e par le Premier ministre sahraoui, Mohamed Elouali Akeik, cette \u00e9dition est d\u00e9di\u00e9e aux Sahraouis r\u00e9sidant dans les zones occup\u00e9es du Sahara occidental, qui subissent quotidiennement la r\u00e9pression brutale exerc\u00e9e par le r\u00e9gime marocain, et \u00e0 tous les prisonniers politiques sahraouis\u00a0injustement emprisonn\u00e9s, a indiqu\u00e9 SPS.<\/p>\n<p>De nombreuses d\u00e9l\u00e9gations \u00e9trang\u00e8res de cin\u00e9astes et d&rsquo;artistes internationaux, de diff\u00e9rents pays du monde, ont r\u00e9pondu pr\u00e9sents \u00e0 cet \u00e9v\u00e8nement durant lequel le public suivra, du 16 au 20 octobre, diff\u00e9rentes projections de films dont la plupart \u00e9voqueront la r\u00e9alit\u00e9 du peuple sahraoui et de ses souffrances.<\/p>\n<blockquote readability=\"14\">\n<p><em><strong>Le 15\u00e8me Festival a \u00e9t\u00e9 marqu\u00e9, durant sa premi\u00e8re journ\u00e9e, par la projection du film \u00ab\u00a0Champions\u00a0\u00bb, en pr\u00e9sence des ambassadeurs des trois prix Goya (r\u00e9compenses de cin\u00e9ma d\u00e9cern\u00e9e par l&rsquo;Acad\u00e9mie des arts et des sciences cin\u00e9matographiques d&rsquo;Espagne), dont ceux ayant remport\u00e9 le prix du meilleur film, Jesus Lago et Alberto Nieto, qui se sont rendus \u00e0 FiSahara pour participer aux diff\u00e9rentes activit\u00e9s de la manifestation.<\/strong><\/em><\/p>\n<\/blockquote>\n<p>Parmi celles-ci, la r\u00e9alisation de deux ateliers d&rsquo;expression du corps social dans une \u00e9cole d&rsquo;Aousserd et dans un centre pour personnes handicap\u00e9es \u00e0 Smara.<\/p>\n<p>La chanteuse et guitariste espagnole Rozalen, accompagn\u00e9e par un interpr\u00e8te en langue des signes, Beatriz Romero, effectueront, pour leur part, des animations de musicoth\u00e9rapie.<\/p>\n<p>Ces ateliers seront organis\u00e9s gr\u00e2ce \u00e0 la collaboration d&rsquo;une fondation espagnole, qui fera \u00e0 l&rsquo;occasion un don de mat\u00e9riel p\u00e9dagogique artistique aux \u00e9coles du camp gr\u00e2ce \u00e0 un accord de collaboration avec FiSahara. C&rsquo;est la premi\u00e8re fois que FiSahara travaille sur les th\u00e8mes de \u00ab\u00a0l&rsquo;handicap et de l&rsquo;inclusion\u00a0\u00bb.<\/p>\n<p><strong>Une visibilit\u00e9 internationale \u00e0 la situation du peuple sahraoui<\/strong><\/p>\n<p>FiSahara offrira durant les quatre jours plusieurs projections de films internationaux. Outre la diffusion du film intitul\u00e9 \u00ab\u00a0Les Champions\u00a0\u00bb, le public sahraoui aura la possibilit\u00e9 d&rsquo;appr\u00e9cier le long m\u00e9trage sortis\u00a0r\u00e9cemment, en Espagne, \u00ab\u00a0Handia\u00a0\u00bb, r\u00e9alis\u00e9 par Aitor Arregi et Jon Garao et laur\u00e9at du prix Goya du meilleur film en 2018.<\/p>\n<p>Des projections seront organis\u00e9s aussi au profit des enfants sahraouis avec un choix cibl\u00e9 de th\u00e9matique les concernant. En plus d\u2019\u00eatre une fen\u00eatre sur le monde qui rend visible la cause sahraouie, FiSahara devient d\u00e9sormais une plate-forme d\u2019inclusion et de d\u00e9veloppement dans les camps de r\u00e9fugi\u00e9s.<\/p>\n<p>Il constitue depuis sa cr\u00e9ation quinze ans une fen\u00eatre au cours de laquelle cin\u00e9ma et culture abordent la situation des jeunes sahraouis n\u00e9s dans les camps et qui n\u2019ont jamais vu le cin\u00e9ma sur grand \u00e9cran.<\/p>\n<p>Le chef du d\u00e9partement Cin\u00e9ma au minist\u00e8re de la Culture de la R\u00e9publique arabe sahraouie d\u00e9mocratique (RASD), Omar Ahmed, a fait savoir, dans ce contexte, que \u00ab\u00a0le FiSahara est bien plus qu&rsquo;un festival\u00a0\u00bb.<\/p>\n<blockquote readability=\"7\">\n<p><strong>\u00ab\u00a0Cet \u00e9v\u00e8nement donne une visibilit\u00e9 internationale \u00e0 la situation du peuple sahraoui\u00a0\u00bb, a-t-il soulign\u00e9.<\/strong><\/p>\n<\/blockquote>\n<p>La tenue du Festival est rendue possible gr\u00e2ce \u00e0 la collaboration du minist\u00e8re de la Culture sahraoui avec le soutien de la Coordination nationale des associations de solidarit\u00e9 avec le peuple sahraoui (CEAS &#8211;\u00a0Sahara).<\/p>\n<p>L\u2019objectif de cette manifestation est de permettre d\u2019attirer l\u2019attention de la communaut\u00e9 internationale par le biais du cin\u00e9ma sur la grave situation v\u00e9cue dans les villes du Sahara occup\u00e9 et les camps de r\u00e9fugi\u00e9s, rendue invisible par la politique d&rsquo;isolement impos\u00e9e par l&rsquo;occupant marocain au Sahara occidental.<\/p>\n<\/div>\n<p>Auteur:<br \/>\n<a href=\"http:\/\/www.aps.dz\/culture\/95815-le-15eme-fisahara-debute-sous-le-signe-d-appel-a-la-cessation-immediate-de-la-repression-marocaine-des-sahraouis\">Cliquez ici pour lire l&rsquo;article depuis sa source.<\/a><\/p>\n","protected":false},"excerpt":{"rendered":"<p>AOUSSERD (camp de r\u00e9fugi\u00e9s sahraouis- La 15\u00e8me \u00e9dition du Festival international du film du Sahara occidental, connu sous le nom de \u00ab\u00a0FISAHARA, a d\u00e9but\u00e9 mercredi soir dans le camp de r\u00e9fugi\u00e9s d&rsquo;Aousserd, sous le signe d&rsquo;appel \u00e0 \u00ab\u00a0la cessation imm\u00e9diate de la r\u00e9pression marocaine au Sahara occidental\u00a0\u00bb. Inaugur\u00e9e par le Premier ministre sahraoui, Mohamed Elouali [&hellip;]<\/p>\n","protected":false},"author":1790,"featured_media":0,"comment_status":"closed","ping_status":"closed","sticky":false,"template":"","format":"standard","meta":{"fifu_image_url":"","fifu_image_alt":"","footnotes":""},"categories":[53,79],"tags":[],"class_list":["post-64641","post","type-post","status-publish","format-standard","hentry","category-algerie","category-culture"],"_links":{"self":[{"href":"https:\/\/linitiative.ca\/International\/wp-json\/wp\/v2\/posts\/64641","targetHints":{"allow":["GET"]}}],"collection":[{"href":"https:\/\/linitiative.ca\/International\/wp-json\/wp\/v2\/posts"}],"about":[{"href":"https:\/\/linitiative.ca\/International\/wp-json\/wp\/v2\/types\/post"}],"author":[{"embeddable":true,"href":"https:\/\/linitiative.ca\/International\/wp-json\/wp\/v2\/users\/1790"}],"replies":[{"embeddable":true,"href":"https:\/\/linitiative.ca\/International\/wp-json\/wp\/v2\/comments?post=64641"}],"version-history":[{"count":0,"href":"https:\/\/linitiative.ca\/International\/wp-json\/wp\/v2\/posts\/64641\/revisions"}],"wp:attachment":[{"href":"https:\/\/linitiative.ca\/International\/wp-json\/wp\/v2\/media?parent=64641"}],"wp:term":[{"taxonomy":"category","embeddable":true,"href":"https:\/\/linitiative.ca\/International\/wp-json\/wp\/v2\/categories?post=64641"},{"taxonomy":"post_tag","embeddable":true,"href":"https:\/\/linitiative.ca\/International\/wp-json\/wp\/v2\/tags?post=64641"}],"curies":[{"name":"wp","href":"https:\/\/api.w.org\/{rel}","templated":true}]}}