{"id":64655,"date":"2019-10-17T11:36:13","date_gmt":"2019-10-17T15:36:13","guid":{"rendered":"https:\/\/linitiative.ca\/International\/conference-sur-la-politique-coloniale-de-separation-du-sahara-algerien-a-ouargla\/"},"modified":"2019-10-17T11:36:13","modified_gmt":"2019-10-17T15:36:13","slug":"conference-sur-la-politique-coloniale-de-separation-du-sahara-algerien-a-ouargla","status":"publish","type":"post","link":"https:\/\/linitiative.ca\/International\/conference-sur-la-politique-coloniale-de-separation-du-sahara-algerien-a-ouargla\/","title":{"rendered":"Conf\u00e9rence sur la politique coloniale de s\u00e9paration du Sahara alg\u00e9rien \u00e0 Ouargla"},"content":{"rendered":"<div readability=\"37\">\n<p><strong>OUARGLA &#8211; Des historiens, chercheurs et acad\u00e9miciens ont \u00e9voqu\u00e9, jeudi \u00e0 Ouargla, la politique coloniale visant la s\u00e9paration du Sahara alg\u00e9rien et la position de la R\u00e9volution de lib\u00e9ration nationale sur la question.<\/strong><\/p>\n<\/div>\n<div readability=\"83.4337933607\">\n<p>Lors de cette rencontre organis\u00e9e \u00e0 l\u2019occasion de la c\u00e9l\u00e9bration de la journ\u00e9e nationale de l\u2019\u00e9migration, comm\u00e9morant le massacre du 17 octobre 1961, Saber Cherif Khaled, historien et enseignant \u00e0 l\u2019universit\u00e9 d\u2019Alger-2 a mis en exergue dans son expos\u00e9 la politique des autorit\u00e9s coloniales au Sahara alg\u00e9rien, \u00e0 travers l\u2019Organisation commune des r\u00e9gions sahariennes (OCRS) cr\u00e9\u00e9e en janvier 1957 dans le but de l\u2019exploitation des richesses au niveau du Sud alg\u00e9rien.<\/p>\n<p>Selon le conf\u00e9rencier, les int\u00e9r\u00eats \u00e9conomiques et militaires des europ\u00e9ens, plus pr\u00e9cis\u00e9ment de la France coloniale, en Afrique, en passant par le Sahara alg\u00e9rien, remontent au milieu du 19\u00e8me si\u00e8cle, soulignant que cet int\u00e9r\u00eat a \u00e9t\u00e9 confort\u00e9 apr\u00e8s la seconde guerre mondiale, surtout apr\u00e8s la d\u00e9couverte de gisements de p\u00e9trole et l\u2019entr\u00e9e de la France coloniale dans le cercle des pays d\u00e9tenteurs de l\u2019arme nucl\u00e9aire.<\/p>\n<p>L\u2019enseignant Mohamed Sa\u00efd Boubakeur (Universit\u00e9 de Gharda\u00efa) a donn\u00e9, de son c\u00f4t\u00e9, un aper\u00e7u sur la strat\u00e9gie de la guerre de lib\u00e9ration du 1er novembre 1954 en ce qui concerne le Sahara, en plus de la contribution de sa population \u00e0 cette guerre, en insistant sur le r\u00f4le important des zones frontali\u00e8res, notamment celles avec le Niger et le Mali, consid\u00e9r\u00e9es comme une base arri\u00e8re pour les Moudjahidine.<\/p>\n<hr\/>\n<h3>Lire aussi:\u00a0<a href=\"http:\/\/www.aps.dz\/algerie\/95765-massacres-du-17-octobre-les-archives-de-la-police-francaise-encore-secretes\" target=\"_blank\" rel=\"noopener noreferrer\">Massacres du 17 octobre: les archives de la police fran\u00e7aise \u00ab\u00a0encore secr\u00e8tes\u00a0\u00bb<\/a><\/h3>\n<hr\/>\n<p>M. Boubakeur a, par ailleurs, rappel\u00e9 que les manifestations du 27 f\u00e9vier 1962 \u00e0 Ouargla, \u00e0 travers lesquelles le peuple a exprim\u00e9 son attachement \u00e0 l\u2019unit\u00e9 nationale et son refus de la politique coloniale visant la partition de l\u2019Alg\u00e9rie, ont donn\u00e9 un soutien puissant \u00e0 la d\u00e9l\u00e9gation alg\u00e9rienne au dernier round des n\u00e9gociations des accords d\u2019Evian.<\/p>\n<p>Dans le m\u00eame contexte, l\u2019enseignant Mohamed Sa\u00efd Akib (Universit\u00e9 d\u2019El-Oued) a mis en relief l\u2019importance du dossier du Sahara dans les accords d\u2019Evian qui repr\u00e9sentent l&rsquo;aboutissement de la lutte l\u00e9gitime du peuple alg\u00e9rien pour le recouvrement de son ind\u00e9pendance.<\/p>\n<p>Dans une allocution prononc\u00e9e au nom du g\u00e9n\u00e9ral-major Commandant de la 4\u00e8me R\u00e9gion militaire (RM), l\u2019adjoint du Commandant de la 4\u00e8me RM, le g\u00e9n\u00e9ral Brakni Mohamed Tayeb a soulign\u00e9 l\u2019importance de cette rencontre initi\u00e9e par la direction r\u00e9gionale de la communication, de l\u2019information et de l\u2019orientation (4RM), au titre du programme 2019-2020, dans l\u2019objectif de mettre en exergue la contribution des populations des r\u00e9gions du Sud du pays dans la pr\u00e9servation de l\u2019unit\u00e9 nationale et la mise en \u00e9chec des plans de la France coloniale.<\/p>\n<\/div>\n<p>Auteur:<br \/>\n<a href=\"http:\/\/www.aps.dz\/regions\/95825-conference-sur-la-politique-coloniale-de-separation-du-sahara-algerien-a-ouargla\">Cliquez ici pour lire l&rsquo;article depuis sa source.<\/a><\/p>\n","protected":false},"excerpt":{"rendered":"<p>OUARGLA &#8211; Des historiens, chercheurs et acad\u00e9miciens ont \u00e9voqu\u00e9, jeudi \u00e0 Ouargla, la politique coloniale visant la s\u00e9paration du Sahara alg\u00e9rien et la position de la R\u00e9volution de lib\u00e9ration nationale sur la question. Lors de cette rencontre organis\u00e9e \u00e0 l\u2019occasion de la c\u00e9l\u00e9bration de la journ\u00e9e nationale de l\u2019\u00e9migration, comm\u00e9morant le massacre du 17 octobre [&hellip;]<\/p>\n","protected":false},"author":1790,"featured_media":0,"comment_status":"closed","ping_status":"closed","sticky":false,"template":"","format":"standard","meta":{"fifu_image_url":"","fifu_image_alt":"","footnotes":""},"categories":[53,76],"tags":[],"class_list":["post-64655","post","type-post","status-publish","format-standard","hentry","category-algerie","category-regions"],"_links":{"self":[{"href":"https:\/\/linitiative.ca\/International\/wp-json\/wp\/v2\/posts\/64655","targetHints":{"allow":["GET"]}}],"collection":[{"href":"https:\/\/linitiative.ca\/International\/wp-json\/wp\/v2\/posts"}],"about":[{"href":"https:\/\/linitiative.ca\/International\/wp-json\/wp\/v2\/types\/post"}],"author":[{"embeddable":true,"href":"https:\/\/linitiative.ca\/International\/wp-json\/wp\/v2\/users\/1790"}],"replies":[{"embeddable":true,"href":"https:\/\/linitiative.ca\/International\/wp-json\/wp\/v2\/comments?post=64655"}],"version-history":[{"count":0,"href":"https:\/\/linitiative.ca\/International\/wp-json\/wp\/v2\/posts\/64655\/revisions"}],"wp:attachment":[{"href":"https:\/\/linitiative.ca\/International\/wp-json\/wp\/v2\/media?parent=64655"}],"wp:term":[{"taxonomy":"category","embeddable":true,"href":"https:\/\/linitiative.ca\/International\/wp-json\/wp\/v2\/categories?post=64655"},{"taxonomy":"post_tag","embeddable":true,"href":"https:\/\/linitiative.ca\/International\/wp-json\/wp\/v2\/tags?post=64655"}],"curies":[{"name":"wp","href":"https:\/\/api.w.org\/{rel}","templated":true}]}}